{"id":946,"date":"2017-09-11T12:16:25","date_gmt":"2017-09-11T16:16:25","guid":{"rendered":"http:\/\/gadpueblonuevo.gob.ec\/manabi\/?p=946"},"modified":"2017-10-31T12:21:03","modified_gmt":"2017-10-31T16:21:03","slug":"reinado-de-portoviejo","status":"publish","type":"post","link":"https:\/\/gadpueblonuevo.gob.ec\/manabi\/reinado-de-portoviejo\/","title":{"rendered":"Reinado de Portoviejo."},"content":{"rendered":"<p>Por cuarto a\u00f1o consecutivos Portoviejo mantiene la inclusi\u00f3n, el evento de Belleza m\u00e1s importante del Cant\u00f3n hoy lo vive junto a las Parroquias Rurales, nuestra soberana Mar\u00eda Gabriela Barreiro Mac\u00edas, es nuestra representante, apoyemos y vamos juntos a dar nuestro respaldo a las seis de la tarde salimos en dos buses el s\u00e1bado 16, inscribete para acompa\u00f1ar y vivir la elegancia en una noche de Reinas.<\/p>\n<p>Trabajemos juntos para ser grandes.<\/p>\n<p>&nbsp;<\/p>\n","protected":false},"excerpt":{"rendered":"<p>Por cuarto a\u00f1o consecutivos Portoviejo mantiene la inclusi\u00f3n, el evento de Belleza m\u00e1s importante del Cant\u00f3n hoy lo vive junto a las Parroquias Rurales, nuestra soberana Mar\u00eda Gabriela Barreiro Mac\u00edas, es nuestra representante, apoyemos y vamos juntos a dar nuestro respaldo a las seis de la tarde salimos en dos buses el s\u00e1bado 16, inscribete [&hellip;]<\/p>\n","protected":false},"author":5,"featured_media":0,"comment_status":"closed","ping_status":"closed","sticky":false,"template":"","format":"standard","meta":{"footnotes":""},"categories":[56,46],"tags":[],"yst_prominent_words":[],"class_list":["post-946","post","type-post","status-publish","format-standard","hentry","category-obras","category-c76-ultimas-noticias"],"_links":{"self":[{"href":"https:\/\/gadpueblonuevo.gob.ec\/manabi\/wp-json\/wp\/v2\/posts\/946","targetHints":{"allow":["GET"]}}],"collection":[{"href":"https:\/\/gadpueblonuevo.gob.ec\/manabi\/wp-json\/wp\/v2\/posts"}],"about":[{"href":"https:\/\/gadpueblonuevo.gob.ec\/manabi\/wp-json\/wp\/v2\/types\/post"}],"author":[{"embeddable":true,"href":"https:\/\/gadpueblonuevo.gob.ec\/manabi\/wp-json\/wp\/v2\/users\/5"}],"replies":[{"embeddable":true,"href":"https:\/\/gadpueblonuevo.gob.ec\/manabi\/wp-json\/wp\/v2\/comments?post=946"}],"version-history":[{"count":1,"href":"https:\/\/gadpueblonuevo.gob.ec\/manabi\/wp-json\/wp\/v2\/posts\/946\/revisions"}],"predecessor-version":[{"id":948,"href":"https:\/\/gadpueblonuevo.gob.ec\/manabi\/wp-json\/wp\/v2\/posts\/946\/revisions\/948"}],"wp:attachment":[{"href":"https:\/\/gadpueblonuevo.gob.ec\/manabi\/wp-json\/wp\/v2\/media?parent=946"}],"wp:term":[{"taxonomy":"category","embeddable":true,"href":"https:\/\/gadpueblonuevo.gob.ec\/manabi\/wp-json\/wp\/v2\/categories?post=946"},{"taxonomy":"post_tag","embeddable":true,"href":"https:\/\/gadpueblonuevo.gob.ec\/manabi\/wp-json\/wp\/v2\/tags?post=946"},{"taxonomy":"yst_prominent_words","embeddable":true,"href":"https:\/\/gadpueblonuevo.gob.ec\/manabi\/wp-json\/wp\/v2\/yst_prominent_words?post=946"}],"curies":[{"name":"wp","href":"https:\/\/api.w.org\/{rel}","templated":true}]}}