{"id":929,"date":"2017-08-29T15:39:19","date_gmt":"2017-08-29T19:39:19","guid":{"rendered":"http:\/\/gadpueblonuevo.gob.ec\/manabi\/?p=929"},"modified":"2017-08-29T15:39:19","modified_gmt":"2017-08-29T19:39:19","slug":"matriculacion-vehicular-3","status":"publish","type":"post","link":"https:\/\/gadpueblonuevo.gob.ec\/manabi\/matriculacion-vehicular-3\/","title":{"rendered":"Matriculaci\u00f3n vehicular"},"content":{"rendered":"<p style=\"text-align: justify; background: #F0F0F0; margin: 0cm 0cm 7.5pt 0cm;\"><strong><span style=\"font-size: 10.5pt; font-family: 'Helvetica','sans-serif'; color: #3366ff;\">Ciudadanos y ciudadanas de la parroquia Pueblo Nuevo les comunicamos que el viernes 08 de septiembre del presente a\u00f1o se estar\u00e1n matriculando veh\u00edculos y motos en la Parroquia en las instalaciones de Infocentro desde las 09H00 hasta las 12H00 del d\u00eda<\/span><\/strong><\/p>\n<p style=\"text-align: justify; background: #F0F0F0; box-sizing: border-box; font-variant-ligatures: normal; font-variant-caps: normal; orphans: 2; widows: 2; -webkit-text-stroke-width: 0px; text-decoration-style: initial; text-decoration-color: initial; word-spacing: 0px; margin: 0cm 0cm 7.5pt 0cm;\"><span style=\"box-sizing: border-box;\"><strong style=\"box-sizing: border-box;\"><span style=\"font-size: 10.5pt; font-family: 'Helvetica','sans-serif'; color: #3366ff;\">Trabajemos juntos para ser grandes\u2026.<\/span><\/strong><\/span><\/p>\n<p><img fetchpriority=\"high\" decoding=\"async\" class=\"wp-image-930 aligncenter\" src=\"http:\/\/gadpueblonuevo.gob.ec\/manabi\/wp-content\/uploads\/2017\/08\/IMG-20170815-WA0038.jpg\" alt=\"\" width=\"551\" height=\"285\" data-id=\"930\" srcset=\"https:\/\/gadpueblonuevo.gob.ec\/manabi\/wp-content\/uploads\/2017\/08\/IMG-20170815-WA0038.jpg 970w, https:\/\/gadpueblonuevo.gob.ec\/manabi\/wp-content\/uploads\/2017\/08\/IMG-20170815-WA0038-550x285.jpg 550w, https:\/\/gadpueblonuevo.gob.ec\/manabi\/wp-content\/uploads\/2017\/08\/IMG-20170815-WA0038-768x397.jpg 768w\" sizes=\"(max-width: 551px) 100vw, 551px\" \/><\/p>\n<p>&nbsp;<\/p>\n<p>&nbsp;<\/p>\n","protected":false},"excerpt":{"rendered":"<p>Ciudadanos y ciudadanas de la parroquia Pueblo Nuevo les comunicamos que el viernes 08 de septiembre del presente a\u00f1o se estar\u00e1n matriculando veh\u00edculos y motos en la Parroquia en las instalaciones de Infocentro desde las 09H00 hasta las 12H00 del d\u00eda Trabajemos juntos para ser grandes\u2026. &nbsp; &nbsp;<\/p>\n","protected":false},"author":5,"featured_media":0,"comment_status":"closed","ping_status":"closed","sticky":false,"template":"","format":"standard","meta":{"footnotes":""},"categories":[56],"tags":[],"yst_prominent_words":[],"class_list":["post-929","post","type-post","status-publish","format-standard","hentry","category-obras"],"_links":{"self":[{"href":"https:\/\/gadpueblonuevo.gob.ec\/manabi\/wp-json\/wp\/v2\/posts\/929","targetHints":{"allow":["GET"]}}],"collection":[{"href":"https:\/\/gadpueblonuevo.gob.ec\/manabi\/wp-json\/wp\/v2\/posts"}],"about":[{"href":"https:\/\/gadpueblonuevo.gob.ec\/manabi\/wp-json\/wp\/v2\/types\/post"}],"author":[{"embeddable":true,"href":"https:\/\/gadpueblonuevo.gob.ec\/manabi\/wp-json\/wp\/v2\/users\/5"}],"replies":[{"embeddable":true,"href":"https:\/\/gadpueblonuevo.gob.ec\/manabi\/wp-json\/wp\/v2\/comments?post=929"}],"version-history":[{"count":1,"href":"https:\/\/gadpueblonuevo.gob.ec\/manabi\/wp-json\/wp\/v2\/posts\/929\/revisions"}],"predecessor-version":[{"id":931,"href":"https:\/\/gadpueblonuevo.gob.ec\/manabi\/wp-json\/wp\/v2\/posts\/929\/revisions\/931"}],"wp:attachment":[{"href":"https:\/\/gadpueblonuevo.gob.ec\/manabi\/wp-json\/wp\/v2\/media?parent=929"}],"wp:term":[{"taxonomy":"category","embeddable":true,"href":"https:\/\/gadpueblonuevo.gob.ec\/manabi\/wp-json\/wp\/v2\/categories?post=929"},{"taxonomy":"post_tag","embeddable":true,"href":"https:\/\/gadpueblonuevo.gob.ec\/manabi\/wp-json\/wp\/v2\/tags?post=929"},{"taxonomy":"yst_prominent_words","embeddable":true,"href":"https:\/\/gadpueblonuevo.gob.ec\/manabi\/wp-json\/wp\/v2\/yst_prominent_words?post=929"}],"curies":[{"name":"wp","href":"https:\/\/api.w.org\/{rel}","templated":true}]}}