{"id":910,"date":"2017-08-08T13:15:20","date_gmt":"2017-08-08T17:15:20","guid":{"rendered":"http:\/\/gadpueblonuevo.gob.ec\/manabi\/?p=910"},"modified":"2017-08-08T13:15:20","modified_gmt":"2017-08-08T17:15:20","slug":"gad-municipal","status":"publish","type":"post","link":"https:\/\/gadpueblonuevo.gob.ec\/manabi\/gad-municipal\/","title":{"rendered":"GAD Municipal"},"content":{"rendered":"<p><span style=\"color: #ff0000;\"><strong>Ciudadanos y ciudadanas\u00a0<\/strong><\/span><br \/>\n<span style=\"color: #ff0000;\"><strong>Quiero expresar mis saludos por este medio y a la vez compartir un mensaje del Sr. Alcalde de Portoviejo Ing. Agust\u00edn Casanova Cede\u00f1o, por gesti\u00f3n del GAD Municipal se ha conseguido la dotaci\u00f3n de Aud\u00edfonos para ni\u00f1os entre 4 a 11 a\u00f1os que presenten problemas Auditivos, cualquier informaci\u00f3n acercarse al GAD Parroquial para que pueda separar su cupo.<\/strong><\/span><\/p>\n<p><span style=\"color: #ff0000;\"><strong>Trabajemos juntos para ser grandes&#8230;<\/strong><\/span><\/p>\n","protected":false},"excerpt":{"rendered":"<p>Ciudadanos y ciudadanas\u00a0 Quiero expresar mis saludos por este medio y a la vez compartir un mensaje del Sr. Alcalde de Portoviejo Ing. Agust\u00edn Casanova Cede\u00f1o, por gesti\u00f3n del GAD Municipal se ha conseguido la dotaci\u00f3n de Aud\u00edfonos para ni\u00f1os entre 4 a 11 a\u00f1os que presenten problemas Auditivos, cualquier informaci\u00f3n acercarse al GAD Parroquial [&hellip;]<\/p>\n","protected":false},"author":5,"featured_media":0,"comment_status":"closed","ping_status":"closed","sticky":false,"template":"","format":"standard","meta":{"footnotes":""},"categories":[56],"tags":[],"yst_prominent_words":[],"class_list":["post-910","post","type-post","status-publish","format-standard","hentry","category-obras"],"_links":{"self":[{"href":"https:\/\/gadpueblonuevo.gob.ec\/manabi\/wp-json\/wp\/v2\/posts\/910","targetHints":{"allow":["GET"]}}],"collection":[{"href":"https:\/\/gadpueblonuevo.gob.ec\/manabi\/wp-json\/wp\/v2\/posts"}],"about":[{"href":"https:\/\/gadpueblonuevo.gob.ec\/manabi\/wp-json\/wp\/v2\/types\/post"}],"author":[{"embeddable":true,"href":"https:\/\/gadpueblonuevo.gob.ec\/manabi\/wp-json\/wp\/v2\/users\/5"}],"replies":[{"embeddable":true,"href":"https:\/\/gadpueblonuevo.gob.ec\/manabi\/wp-json\/wp\/v2\/comments?post=910"}],"version-history":[{"count":1,"href":"https:\/\/gadpueblonuevo.gob.ec\/manabi\/wp-json\/wp\/v2\/posts\/910\/revisions"}],"predecessor-version":[{"id":911,"href":"https:\/\/gadpueblonuevo.gob.ec\/manabi\/wp-json\/wp\/v2\/posts\/910\/revisions\/911"}],"wp:attachment":[{"href":"https:\/\/gadpueblonuevo.gob.ec\/manabi\/wp-json\/wp\/v2\/media?parent=910"}],"wp:term":[{"taxonomy":"category","embeddable":true,"href":"https:\/\/gadpueblonuevo.gob.ec\/manabi\/wp-json\/wp\/v2\/categories?post=910"},{"taxonomy":"post_tag","embeddable":true,"href":"https:\/\/gadpueblonuevo.gob.ec\/manabi\/wp-json\/wp\/v2\/tags?post=910"},{"taxonomy":"yst_prominent_words","embeddable":true,"href":"https:\/\/gadpueblonuevo.gob.ec\/manabi\/wp-json\/wp\/v2\/yst_prominent_words?post=910"}],"curies":[{"name":"wp","href":"https:\/\/api.w.org\/{rel}","templated":true}]}}