{"id":2636,"date":"2020-08-19T12:00:10","date_gmt":"2020-08-19T16:00:10","guid":{"rendered":"https:\/\/gadpueblonuevo.gob.ec\/manabi\/?p=2636"},"modified":"2020-08-24T13:01:09","modified_gmt":"2020-08-24T17:01:09","slug":"personal-del-gad-parroquial-pueblo-nuevo","status":"publish","type":"post","link":"https:\/\/gadpueblonuevo.gob.ec\/manabi\/personal-del-gad-parroquial-pueblo-nuevo\/","title":{"rendered":"Personal del GAD Parroquial Pueblo Nuevo"},"content":{"rendered":"<div class=\"kvgmc6g5 cxmmr5t8 oygrvhab hcukyx3x c1et5uql ii04i59q\">\n<div dir=\"auto\">El d\u00eda de ayer mi\u00e9rcoles 19 de agosto se mantuvo una reuni\u00f3n de trabajo con la finalidad de continuar enfrentando la pandemia del Covid-19 el personal del GAD se capacita, y continuaremos capacitando a quienes conforman las mesas t\u00e9cnicas de trabajo del COPAE Parroquial;<\/div>\n<div dir=\"auto\">De est\u00e1 manera constribuir con la toma de las mejores decisiones en busca de un bienestar com\u00fan.<\/div>\n<\/div>\n<div class=\"o9v6fnle cxmmr5t8 oygrvhab hcukyx3x c1et5uql ii04i59q\">\n<div dir=\"auto\"><\/div>\n<div dir=\"auto\">&#8220;Juntos y Solidarios, Priorizando el Bienestar de Nuestra Gente&#8221;<\/div>\n<div dir=\"auto\"><a href=\"https:\/\/gadpueblonuevo.gob.ec\/manabi\/personal-del-gad-parroquial-pueblo-nuevo\/117966341_655405285073537_2660264154782471355_n\/\" rel=\"attachment wp-att-2637\"><img fetchpriority=\"high\" decoding=\"async\" class=\"wp-image-2637 aligncenter\" src=\"https:\/\/gadpueblonuevo.gob.ec\/manabi\/wp-content\/uploads\/2020\/08\/117966341_655405285073537_2660264154782471355_n.jpg\" alt=\"\" width=\"601\" height=\"451\" srcset=\"https:\/\/gadpueblonuevo.gob.ec\/manabi\/wp-content\/uploads\/2020\/08\/117966341_655405285073537_2660264154782471355_n.jpg 960w, https:\/\/gadpueblonuevo.gob.ec\/manabi\/wp-content\/uploads\/2020\/08\/117966341_655405285073537_2660264154782471355_n-550x413.jpg 550w, https:\/\/gadpueblonuevo.gob.ec\/manabi\/wp-content\/uploads\/2020\/08\/117966341_655405285073537_2660264154782471355_n-768x576.jpg 768w\" sizes=\"(max-width: 601px) 100vw, 601px\" \/><\/a><\/div>\n<div dir=\"auto\"><a href=\"https:\/\/gadpueblonuevo.gob.ec\/manabi\/personal-del-gad-parroquial-pueblo-nuevo\/117951302_655405248406874_5626860518841622340_n\/\" rel=\"attachment wp-att-2638\"><img decoding=\"async\" class=\"wp-image-2638 aligncenter\" src=\"https:\/\/gadpueblonuevo.gob.ec\/manabi\/wp-content\/uploads\/2020\/08\/117951302_655405248406874_5626860518841622340_n.jpg\" alt=\"\" width=\"600\" height=\"450\" srcset=\"https:\/\/gadpueblonuevo.gob.ec\/manabi\/wp-content\/uploads\/2020\/08\/117951302_655405248406874_5626860518841622340_n.jpg 960w, https:\/\/gadpueblonuevo.gob.ec\/manabi\/wp-content\/uploads\/2020\/08\/117951302_655405248406874_5626860518841622340_n-550x413.jpg 550w, https:\/\/gadpueblonuevo.gob.ec\/manabi\/wp-content\/uploads\/2020\/08\/117951302_655405248406874_5626860518841622340_n-768x576.jpg 768w\" sizes=\"(max-width: 600px) 100vw, 600px\" \/><\/a><\/div>\n<div dir=\"auto\"><\/div>\n<div dir=\"auto\"><\/div>\n<div dir=\"auto\"><a href=\"https:\/\/gadpueblonuevo.gob.ec\/manabi\/personal-del-gad-parroquial-pueblo-nuevo\/118138079_655405205073545_8913134309684110616_n\/\" rel=\"attachment wp-att-2639\"><img decoding=\"async\" class=\"wp-image-2639 aligncenter\" src=\"https:\/\/gadpueblonuevo.gob.ec\/manabi\/wp-content\/uploads\/2020\/08\/118138079_655405205073545_8913134309684110616_n.jpg\" alt=\"\" width=\"598\" height=\"449\" srcset=\"https:\/\/gadpueblonuevo.gob.ec\/manabi\/wp-content\/uploads\/2020\/08\/118138079_655405205073545_8913134309684110616_n.jpg 960w, https:\/\/gadpueblonuevo.gob.ec\/manabi\/wp-content\/uploads\/2020\/08\/118138079_655405205073545_8913134309684110616_n-550x413.jpg 550w, https:\/\/gadpueblonuevo.gob.ec\/manabi\/wp-content\/uploads\/2020\/08\/118138079_655405205073545_8913134309684110616_n-768x576.jpg 768w\" sizes=\"(max-width: 598px) 100vw, 598px\" \/><\/a><\/div>\n<\/div>\n","protected":false},"excerpt":{"rendered":"<p>El d\u00eda de ayer mi\u00e9rcoles 19 de agosto se mantuvo una reuni\u00f3n de trabajo con la finalidad de continuar enfrentando la pandemia del Covid-19 el personal del GAD se capacita, y continuaremos capacitando a quienes conforman las mesas t\u00e9cnicas de trabajo del COPAE Parroquial; De est\u00e1 manera constribuir con la toma de las mejores decisiones [&hellip;]<\/p>\n","protected":false},"author":5,"featured_media":2639,"comment_status":"closed","ping_status":"closed","sticky":false,"template":"","format":"standard","meta":{"footnotes":""},"categories":[56,46],"tags":[],"yst_prominent_words":[136,135],"class_list":["post-2636","post","type-post","status-publish","format-standard","has-post-thumbnail","hentry","category-obras","category-c76-ultimas-noticias"],"_links":{"self":[{"href":"https:\/\/gadpueblonuevo.gob.ec\/manabi\/wp-json\/wp\/v2\/posts\/2636","targetHints":{"allow":["GET"]}}],"collection":[{"href":"https:\/\/gadpueblonuevo.gob.ec\/manabi\/wp-json\/wp\/v2\/posts"}],"about":[{"href":"https:\/\/gadpueblonuevo.gob.ec\/manabi\/wp-json\/wp\/v2\/types\/post"}],"author":[{"embeddable":true,"href":"https:\/\/gadpueblonuevo.gob.ec\/manabi\/wp-json\/wp\/v2\/users\/5"}],"replies":[{"embeddable":true,"href":"https:\/\/gadpueblonuevo.gob.ec\/manabi\/wp-json\/wp\/v2\/comments?post=2636"}],"version-history":[{"count":2,"href":"https:\/\/gadpueblonuevo.gob.ec\/manabi\/wp-json\/wp\/v2\/posts\/2636\/revisions"}],"predecessor-version":[{"id":2641,"href":"https:\/\/gadpueblonuevo.gob.ec\/manabi\/wp-json\/wp\/v2\/posts\/2636\/revisions\/2641"}],"wp:featuredmedia":[{"embeddable":true,"href":"https:\/\/gadpueblonuevo.gob.ec\/manabi\/wp-json\/wp\/v2\/media\/2639"}],"wp:attachment":[{"href":"https:\/\/gadpueblonuevo.gob.ec\/manabi\/wp-json\/wp\/v2\/media?parent=2636"}],"wp:term":[{"taxonomy":"category","embeddable":true,"href":"https:\/\/gadpueblonuevo.gob.ec\/manabi\/wp-json\/wp\/v2\/categories?post=2636"},{"taxonomy":"post_tag","embeddable":true,"href":"https:\/\/gadpueblonuevo.gob.ec\/manabi\/wp-json\/wp\/v2\/tags?post=2636"},{"taxonomy":"yst_prominent_words","embeddable":true,"href":"https:\/\/gadpueblonuevo.gob.ec\/manabi\/wp-json\/wp\/v2\/yst_prominent_words?post=2636"}],"curies":[{"name":"wp","href":"https:\/\/api.w.org\/{rel}","templated":true}]}}