{"id":2623,"date":"2020-08-18T12:27:33","date_gmt":"2020-08-18T16:27:33","guid":{"rendered":"https:\/\/gadpueblonuevo.gob.ec\/manabi\/?p=2623"},"modified":"2020-08-24T12:26:05","modified_gmt":"2020-08-24T16:26:05","slug":"las-brigadas-medicas-del-gad-provincial","status":"publish","type":"post","link":"https:\/\/gadpueblonuevo.gob.ec\/manabi\/las-brigadas-medicas-del-gad-provincial\/","title":{"rendered":"Las Brigadas M\u00e9dicas del GAD Provincial"},"content":{"rendered":"<div class=\"kvgmc6g5 cxmmr5t8 oygrvhab hcukyx3x c1et5uql ii04i59q\">\n<div dir=\"auto\">Las Brigadas M\u00e9dicas del GAD Provincial, siguen realizando visitas en nuestra Parroquia hoy 18 de agosto se realiz\u00f3 en la comunidad La Majagua.<\/div>\n<div dir=\"auto\">Ma\u00f1ana continuamos en la comunidad El Gramal, Los Pozos y sus sectores se solicita que se mantengan en casa las familias para que sean atendidos las personas.<\/div>\n<\/div>\n<div class=\"o9v6fnle cxmmr5t8 oygrvhab hcukyx3x c1et5uql ii04i59q\">\n<div dir=\"auto\"><\/div>\n<div dir=\"auto\">&#8220;Juntos Y Solidarios, Priorizando El Bienestar De Nuestra Gente&#8221;<\/div>\n<div dir=\"auto\"><a href=\"https:\/\/gadpueblonuevo.gob.ec\/manabi\/las-brigadas-medicas-del-gad-provincial\/118085139_654043725209693_9149623685027402172_n\/\" rel=\"attachment wp-att-2624\"><img fetchpriority=\"high\" decoding=\"async\" class=\"wp-image-2624 aligncenter\" src=\"https:\/\/gadpueblonuevo.gob.ec\/manabi\/wp-content\/uploads\/2020\/08\/118085139_654043725209693_9149623685027402172_n.jpg\" alt=\"\" width=\"600\" height=\"450\" srcset=\"https:\/\/gadpueblonuevo.gob.ec\/manabi\/wp-content\/uploads\/2020\/08\/118085139_654043725209693_9149623685027402172_n.jpg 960w, https:\/\/gadpueblonuevo.gob.ec\/manabi\/wp-content\/uploads\/2020\/08\/118085139_654043725209693_9149623685027402172_n-550x413.jpg 550w, https:\/\/gadpueblonuevo.gob.ec\/manabi\/wp-content\/uploads\/2020\/08\/118085139_654043725209693_9149623685027402172_n-768x576.jpg 768w\" sizes=\"(max-width: 600px) 100vw, 600px\" \/><\/a><\/div>\n<div dir=\"auto\"><\/div>\n<div dir=\"auto\"><a href=\"https:\/\/gadpueblonuevo.gob.ec\/manabi\/las-brigadas-medicas-del-gad-provincial\/118120158_654043675209698_3798322916286038983_n\/\" rel=\"attachment wp-att-2625\"><img decoding=\"async\" class=\"wp-image-2625 aligncenter\" src=\"https:\/\/gadpueblonuevo.gob.ec\/manabi\/wp-content\/uploads\/2020\/08\/118120158_654043675209698_3798322916286038983_n.jpg\" alt=\"\" width=\"601\" height=\"451\" srcset=\"https:\/\/gadpueblonuevo.gob.ec\/manabi\/wp-content\/uploads\/2020\/08\/118120158_654043675209698_3798322916286038983_n.jpg 960w, https:\/\/gadpueblonuevo.gob.ec\/manabi\/wp-content\/uploads\/2020\/08\/118120158_654043675209698_3798322916286038983_n-550x413.jpg 550w, https:\/\/gadpueblonuevo.gob.ec\/manabi\/wp-content\/uploads\/2020\/08\/118120158_654043675209698_3798322916286038983_n-768x576.jpg 768w\" sizes=\"(max-width: 601px) 100vw, 601px\" \/><\/a><\/div>\n<div dir=\"auto\"><\/div>\n<div dir=\"auto\"><a href=\"https:\/\/gadpueblonuevo.gob.ec\/manabi\/las-brigadas-medicas-del-gad-provincial\/118139870_654043631876369_6662205444370744850_o\/\" rel=\"attachment wp-att-2626\"><img decoding=\"async\" class=\"wp-image-2626 aligncenter\" src=\"https:\/\/gadpueblonuevo.gob.ec\/manabi\/wp-content\/uploads\/2020\/08\/118139870_654043631876369_6662205444370744850_o.jpg\" alt=\"\" width=\"601\" height=\"297\" srcset=\"https:\/\/gadpueblonuevo.gob.ec\/manabi\/wp-content\/uploads\/2020\/08\/118139870_654043631876369_6662205444370744850_o.jpg 1280w, https:\/\/gadpueblonuevo.gob.ec\/manabi\/wp-content\/uploads\/2020\/08\/118139870_654043631876369_6662205444370744850_o-550x272.jpg 550w, https:\/\/gadpueblonuevo.gob.ec\/manabi\/wp-content\/uploads\/2020\/08\/118139870_654043631876369_6662205444370744850_o-1024x506.jpg 1024w, https:\/\/gadpueblonuevo.gob.ec\/manabi\/wp-content\/uploads\/2020\/08\/118139870_654043631876369_6662205444370744850_o-768x380.jpg 768w\" sizes=\"(max-width: 601px) 100vw, 601px\" \/><\/a><\/div>\n<div dir=\"auto\"><\/div>\n<div dir=\"auto\"><a href=\"https:\/\/gadpueblonuevo.gob.ec\/manabi\/las-brigadas-medicas-del-gad-provincial\/118084846_654043591876373_1661471166516560112_n\/\" rel=\"attachment wp-att-2627\"><img loading=\"lazy\" decoding=\"async\" class=\"wp-image-2627 aligncenter\" src=\"https:\/\/gadpueblonuevo.gob.ec\/manabi\/wp-content\/uploads\/2020\/08\/118084846_654043591876373_1661471166516560112_n.jpg\" alt=\"\" width=\"601\" height=\"451\" srcset=\"https:\/\/gadpueblonuevo.gob.ec\/manabi\/wp-content\/uploads\/2020\/08\/118084846_654043591876373_1661471166516560112_n.jpg 960w, https:\/\/gadpueblonuevo.gob.ec\/manabi\/wp-content\/uploads\/2020\/08\/118084846_654043591876373_1661471166516560112_n-550x413.jpg 550w, https:\/\/gadpueblonuevo.gob.ec\/manabi\/wp-content\/uploads\/2020\/08\/118084846_654043591876373_1661471166516560112_n-768x576.jpg 768w\" sizes=\"(max-width: 601px) 100vw, 601px\" \/><\/a><\/div>\n<div dir=\"auto\"><\/div>\n<\/div>\n","protected":false},"excerpt":{"rendered":"<p>Las Brigadas M\u00e9dicas del GAD Provincial, siguen realizando visitas en nuestra Parroquia hoy 18 de agosto se realiz\u00f3 en la comunidad La Majagua. Ma\u00f1ana continuamos en la comunidad El Gramal, Los Pozos y sus sectores se solicita que se mantengan en casa las familias para que sean atendidos las personas. &#8220;Juntos Y Solidarios, Priorizando El [&hellip;]<\/p>\n","protected":false},"author":5,"featured_media":2627,"comment_status":"closed","ping_status":"closed","sticky":false,"template":"","format":"standard","meta":{"footnotes":""},"categories":[56,46],"tags":[],"yst_prominent_words":[116],"class_list":["post-2623","post","type-post","status-publish","format-standard","has-post-thumbnail","hentry","category-obras","category-c76-ultimas-noticias"],"_links":{"self":[{"href":"https:\/\/gadpueblonuevo.gob.ec\/manabi\/wp-json\/wp\/v2\/posts\/2623","targetHints":{"allow":["GET"]}}],"collection":[{"href":"https:\/\/gadpueblonuevo.gob.ec\/manabi\/wp-json\/wp\/v2\/posts"}],"about":[{"href":"https:\/\/gadpueblonuevo.gob.ec\/manabi\/wp-json\/wp\/v2\/types\/post"}],"author":[{"embeddable":true,"href":"https:\/\/gadpueblonuevo.gob.ec\/manabi\/wp-json\/wp\/v2\/users\/5"}],"replies":[{"embeddable":true,"href":"https:\/\/gadpueblonuevo.gob.ec\/manabi\/wp-json\/wp\/v2\/comments?post=2623"}],"version-history":[{"count":2,"href":"https:\/\/gadpueblonuevo.gob.ec\/manabi\/wp-json\/wp\/v2\/posts\/2623\/revisions"}],"predecessor-version":[{"id":2629,"href":"https:\/\/gadpueblonuevo.gob.ec\/manabi\/wp-json\/wp\/v2\/posts\/2623\/revisions\/2629"}],"wp:featuredmedia":[{"embeddable":true,"href":"https:\/\/gadpueblonuevo.gob.ec\/manabi\/wp-json\/wp\/v2\/media\/2627"}],"wp:attachment":[{"href":"https:\/\/gadpueblonuevo.gob.ec\/manabi\/wp-json\/wp\/v2\/media?parent=2623"}],"wp:term":[{"taxonomy":"category","embeddable":true,"href":"https:\/\/gadpueblonuevo.gob.ec\/manabi\/wp-json\/wp\/v2\/categories?post=2623"},{"taxonomy":"post_tag","embeddable":true,"href":"https:\/\/gadpueblonuevo.gob.ec\/manabi\/wp-json\/wp\/v2\/tags?post=2623"},{"taxonomy":"yst_prominent_words","embeddable":true,"href":"https:\/\/gadpueblonuevo.gob.ec\/manabi\/wp-json\/wp\/v2\/yst_prominent_words?post=2623"}],"curies":[{"name":"wp","href":"https:\/\/api.w.org\/{rel}","templated":true}]}}