{"id":2618,"date":"2020-08-17T12:17:51","date_gmt":"2020-08-17T16:17:51","guid":{"rendered":"https:\/\/gadpueblonuevo.gob.ec\/manabi\/?p=2618"},"modified":"2020-08-24T12:20:43","modified_gmt":"2020-08-24T16:20:43","slug":"gad-provincial-y-el-gad-parroquial-pueblo-nuevo","status":"publish","type":"post","link":"https:\/\/gadpueblonuevo.gob.ec\/manabi\/gad-provincial-y-el-gad-parroquial-pueblo-nuevo\/","title":{"rendered":"GAD Provincial y el GAD Parroquial Pueblo Nuevo."},"content":{"rendered":"<div class=\"kvgmc6g5 cxmmr5t8 oygrvhab hcukyx3x c1et5uql ii04i59q\">\n<div dir=\"auto\">Se sigue cristalizado el trabajo en coordinaci\u00f3n con el GAD Provincial y el GAD Parroquial Pueblo Nuevo.<\/div>\n<div dir=\"auto\">El d\u00eda de ayer lunes 17 de agosto se levanto topograf\u00eda para la construcci\u00f3n de v\u00edas de nivel de doble riego, mas de 4 kil\u00f3metros para la Parroquia la cual se distribuye en los siguientes puntos;<\/div>\n<\/div>\n<div class=\"o9v6fnle cxmmr5t8 oygrvhab hcukyx3x c1et5uql ii04i59q\">\n<div dir=\"auto\">Comunidad Los Naranjos 1 kil\u00f3metro<\/div>\n<div dir=\"auto\">Comunicadad El Gramal sector Los Limones 1 km<\/div>\n<div dir=\"auto\">Calle Tras del cementerio 800 Metros<\/div>\n<div dir=\"auto\">Los Laureles y La Majagua 1 kil\u00f3metros y medio<\/div>\n<\/div>\n<div class=\"o9v6fnle cxmmr5t8 oygrvhab hcukyx3x c1et5uql ii04i59q\">\n<div dir=\"auto\"><\/div>\n<div dir=\"auto\">&#8220;Juntos y Solidarios, Priorizando El Bienestar De Nuestra Gente&#8221;<\/div>\n<div dir=\"auto\"><a href=\"https:\/\/gadpueblonuevo.gob.ec\/manabi\/gad-provincial-y-el-gad-parroquial-pueblo-nuevo\/118141671_653684505245615_8840765820777814984_n\/\" rel=\"attachment wp-att-2619\"><img fetchpriority=\"high\" decoding=\"async\" class=\"wp-image-2619 aligncenter\" src=\"https:\/\/gadpueblonuevo.gob.ec\/manabi\/wp-content\/uploads\/2020\/08\/118141671_653684505245615_8840765820777814984_n.jpg\" alt=\"\" width=\"601\" height=\"451\" srcset=\"https:\/\/gadpueblonuevo.gob.ec\/manabi\/wp-content\/uploads\/2020\/08\/118141671_653684505245615_8840765820777814984_n.jpg 960w, https:\/\/gadpueblonuevo.gob.ec\/manabi\/wp-content\/uploads\/2020\/08\/118141671_653684505245615_8840765820777814984_n-550x413.jpg 550w, https:\/\/gadpueblonuevo.gob.ec\/manabi\/wp-content\/uploads\/2020\/08\/118141671_653684505245615_8840765820777814984_n-768x576.jpg 768w\" sizes=\"(max-width: 601px) 100vw, 601px\" \/><\/a><\/div>\n<div dir=\"auto\"><a href=\"https:\/\/gadpueblonuevo.gob.ec\/manabi\/gad-provincial-y-el-gad-parroquial-pueblo-nuevo\/118254133_653684478578951_3273262106459737444_n\/\" rel=\"attachment wp-att-2620\"><img decoding=\"async\" class=\"wp-image-2620 aligncenter\" src=\"https:\/\/gadpueblonuevo.gob.ec\/manabi\/wp-content\/uploads\/2020\/08\/118254133_653684478578951_3273262106459737444_n.jpg\" alt=\"\" width=\"600\" height=\"450\" srcset=\"https:\/\/gadpueblonuevo.gob.ec\/manabi\/wp-content\/uploads\/2020\/08\/118254133_653684478578951_3273262106459737444_n.jpg 960w, https:\/\/gadpueblonuevo.gob.ec\/manabi\/wp-content\/uploads\/2020\/08\/118254133_653684478578951_3273262106459737444_n-550x413.jpg 550w, https:\/\/gadpueblonuevo.gob.ec\/manabi\/wp-content\/uploads\/2020\/08\/118254133_653684478578951_3273262106459737444_n-768x576.jpg 768w\" sizes=\"(max-width: 600px) 100vw, 600px\" \/><\/a><\/div>\n<\/div>\n","protected":false},"excerpt":{"rendered":"<p>Se sigue cristalizado el trabajo en coordinaci\u00f3n con el GAD Provincial y el GAD Parroquial Pueblo Nuevo. El d\u00eda de ayer lunes 17 de agosto se levanto topograf\u00eda para la construcci\u00f3n de v\u00edas de nivel de doble riego, mas de 4 kil\u00f3metros para la Parroquia la cual se distribuye en los siguientes puntos; Comunidad Los [&hellip;]<\/p>\n","protected":false},"author":5,"featured_media":2620,"comment_status":"closed","ping_status":"closed","sticky":false,"template":"","format":"standard","meta":{"footnotes":""},"categories":[56,46],"tags":[],"yst_prominent_words":[108,133],"class_list":["post-2618","post","type-post","status-publish","format-standard","has-post-thumbnail","hentry","category-obras","category-c76-ultimas-noticias"],"_links":{"self":[{"href":"https:\/\/gadpueblonuevo.gob.ec\/manabi\/wp-json\/wp\/v2\/posts\/2618","targetHints":{"allow":["GET"]}}],"collection":[{"href":"https:\/\/gadpueblonuevo.gob.ec\/manabi\/wp-json\/wp\/v2\/posts"}],"about":[{"href":"https:\/\/gadpueblonuevo.gob.ec\/manabi\/wp-json\/wp\/v2\/types\/post"}],"author":[{"embeddable":true,"href":"https:\/\/gadpueblonuevo.gob.ec\/manabi\/wp-json\/wp\/v2\/users\/5"}],"replies":[{"embeddable":true,"href":"https:\/\/gadpueblonuevo.gob.ec\/manabi\/wp-json\/wp\/v2\/comments?post=2618"}],"version-history":[{"count":2,"href":"https:\/\/gadpueblonuevo.gob.ec\/manabi\/wp-json\/wp\/v2\/posts\/2618\/revisions"}],"predecessor-version":[{"id":2622,"href":"https:\/\/gadpueblonuevo.gob.ec\/manabi\/wp-json\/wp\/v2\/posts\/2618\/revisions\/2622"}],"wp:featuredmedia":[{"embeddable":true,"href":"https:\/\/gadpueblonuevo.gob.ec\/manabi\/wp-json\/wp\/v2\/media\/2620"}],"wp:attachment":[{"href":"https:\/\/gadpueblonuevo.gob.ec\/manabi\/wp-json\/wp\/v2\/media?parent=2618"}],"wp:term":[{"taxonomy":"category","embeddable":true,"href":"https:\/\/gadpueblonuevo.gob.ec\/manabi\/wp-json\/wp\/v2\/categories?post=2618"},{"taxonomy":"post_tag","embeddable":true,"href":"https:\/\/gadpueblonuevo.gob.ec\/manabi\/wp-json\/wp\/v2\/tags?post=2618"},{"taxonomy":"yst_prominent_words","embeddable":true,"href":"https:\/\/gadpueblonuevo.gob.ec\/manabi\/wp-json\/wp\/v2\/yst_prominent_words?post=2618"}],"curies":[{"name":"wp","href":"https:\/\/api.w.org\/{rel}","templated":true}]}}