{"id":2612,"date":"2020-08-24T12:17:19","date_gmt":"2020-08-24T16:17:19","guid":{"rendered":"https:\/\/gadpueblonuevo.gob.ec\/manabi\/?p=2612"},"modified":"2020-08-24T12:17:19","modified_gmt":"2020-08-24T16:17:19","slug":"brigadas-medicas-del-gad-provincial","status":"publish","type":"post","link":"https:\/\/gadpueblonuevo.gob.ec\/manabi\/brigadas-medicas-del-gad-provincial\/","title":{"rendered":"Brigadas M\u00e9dicas del GAD Provincial"},"content":{"rendered":"<div class=\"kvgmc6g5 cxmmr5t8 oygrvhab hcukyx3x c1et5uql ii04i59q\">\n<div dir=\"auto\">Las Brigadas M\u00e9dicas del GAD Provincial, realizan una labor casa a casa.<\/div>\n<div dir=\"auto\">Hoy se inici\u00f3 en la comunidad Los Tigres ma\u00f1ana se realizar\u00e1 en la comunidad La Majagua se solicita que se mantengan en casa las familias para que sean atendidos las personas.<\/div>\n<\/div>\n<div class=\"o9v6fnle cxmmr5t8 oygrvhab hcukyx3x c1et5uql ii04i59q\">\n<div dir=\"auto\">&#8220;Juntos Y Solidarios, Priorizando El Bienestar De Nuestra Gente&#8221;<\/div>\n<div dir=\"auto\"><a href=\"https:\/\/gadpueblonuevo.gob.ec\/manabi\/brigadas-medicas-del-gad-provincial\/117769938_653056171975115_2758074316790978246_n\/\" rel=\"attachment wp-att-2613\"><img fetchpriority=\"high\" decoding=\"async\" class=\"wp-image-2613 aligncenter\" src=\"https:\/\/gadpueblonuevo.gob.ec\/manabi\/wp-content\/uploads\/2020\/08\/117769938_653056171975115_2758074316790978246_n.jpg\" alt=\"\" width=\"600\" height=\"450\" srcset=\"https:\/\/gadpueblonuevo.gob.ec\/manabi\/wp-content\/uploads\/2020\/08\/117769938_653056171975115_2758074316790978246_n.jpg 960w, https:\/\/gadpueblonuevo.gob.ec\/manabi\/wp-content\/uploads\/2020\/08\/117769938_653056171975115_2758074316790978246_n-550x413.jpg 550w, https:\/\/gadpueblonuevo.gob.ec\/manabi\/wp-content\/uploads\/2020\/08\/117769938_653056171975115_2758074316790978246_n-768x576.jpg 768w\" sizes=\"(max-width: 600px) 100vw, 600px\" \/><\/a><\/div>\n<div dir=\"auto\"><\/div>\n<div dir=\"auto\"><a href=\"https:\/\/gadpueblonuevo.gob.ec\/manabi\/brigadas-medicas-del-gad-provincial\/117898111_653056118641787_3838983959711093003_n\/\" rel=\"attachment wp-att-2614\"><img decoding=\"async\" class=\"wp-image-2614 aligncenter\" src=\"https:\/\/gadpueblonuevo.gob.ec\/manabi\/wp-content\/uploads\/2020\/08\/117898111_653056118641787_3838983959711093003_n.jpg\" alt=\"\" width=\"601\" height=\"451\" srcset=\"https:\/\/gadpueblonuevo.gob.ec\/manabi\/wp-content\/uploads\/2020\/08\/117898111_653056118641787_3838983959711093003_n.jpg 960w, https:\/\/gadpueblonuevo.gob.ec\/manabi\/wp-content\/uploads\/2020\/08\/117898111_653056118641787_3838983959711093003_n-550x413.jpg 550w, https:\/\/gadpueblonuevo.gob.ec\/manabi\/wp-content\/uploads\/2020\/08\/117898111_653056118641787_3838983959711093003_n-768x576.jpg 768w\" sizes=\"(max-width: 601px) 100vw, 601px\" \/><\/a> <a href=\"https:\/\/gadpueblonuevo.gob.ec\/manabi\/brigadas-medicas-del-gad-provincial\/117946284_653056085308457_1432529189583706266_n\/\" rel=\"attachment wp-att-2615\"><img decoding=\"async\" class=\"wp-image-2615 aligncenter\" src=\"https:\/\/gadpueblonuevo.gob.ec\/manabi\/wp-content\/uploads\/2020\/08\/117946284_653056085308457_1432529189583706266_n.jpg\" alt=\"\" width=\"601\" height=\"451\" srcset=\"https:\/\/gadpueblonuevo.gob.ec\/manabi\/wp-content\/uploads\/2020\/08\/117946284_653056085308457_1432529189583706266_n.jpg 960w, https:\/\/gadpueblonuevo.gob.ec\/manabi\/wp-content\/uploads\/2020\/08\/117946284_653056085308457_1432529189583706266_n-550x413.jpg 550w, https:\/\/gadpueblonuevo.gob.ec\/manabi\/wp-content\/uploads\/2020\/08\/117946284_653056085308457_1432529189583706266_n-768x576.jpg 768w\" sizes=\"(max-width: 601px) 100vw, 601px\" \/><\/a><\/div>\n<\/div>\n","protected":false},"excerpt":{"rendered":"<p>Las Brigadas M\u00e9dicas del GAD Provincial, realizan una labor casa a casa. Hoy se inici\u00f3 en la comunidad Los Tigres ma\u00f1ana se realizar\u00e1 en la comunidad La Majagua se solicita que se mantengan en casa las familias para que sean atendidos las personas. &#8220;Juntos Y Solidarios, Priorizando El Bienestar De Nuestra Gente&#8221;<\/p>\n","protected":false},"author":5,"featured_media":2614,"comment_status":"closed","ping_status":"closed","sticky":false,"template":"","format":"standard","meta":{"footnotes":""},"categories":[56,46],"tags":[],"yst_prominent_words":[132,116],"class_list":["post-2612","post","type-post","status-publish","format-standard","has-post-thumbnail","hentry","category-obras","category-c76-ultimas-noticias"],"_links":{"self":[{"href":"https:\/\/gadpueblonuevo.gob.ec\/manabi\/wp-json\/wp\/v2\/posts\/2612","targetHints":{"allow":["GET"]}}],"collection":[{"href":"https:\/\/gadpueblonuevo.gob.ec\/manabi\/wp-json\/wp\/v2\/posts"}],"about":[{"href":"https:\/\/gadpueblonuevo.gob.ec\/manabi\/wp-json\/wp\/v2\/types\/post"}],"author":[{"embeddable":true,"href":"https:\/\/gadpueblonuevo.gob.ec\/manabi\/wp-json\/wp\/v2\/users\/5"}],"replies":[{"embeddable":true,"href":"https:\/\/gadpueblonuevo.gob.ec\/manabi\/wp-json\/wp\/v2\/comments?post=2612"}],"version-history":[{"count":2,"href":"https:\/\/gadpueblonuevo.gob.ec\/manabi\/wp-json\/wp\/v2\/posts\/2612\/revisions"}],"predecessor-version":[{"id":2617,"href":"https:\/\/gadpueblonuevo.gob.ec\/manabi\/wp-json\/wp\/v2\/posts\/2612\/revisions\/2617"}],"wp:featuredmedia":[{"embeddable":true,"href":"https:\/\/gadpueblonuevo.gob.ec\/manabi\/wp-json\/wp\/v2\/media\/2614"}],"wp:attachment":[{"href":"https:\/\/gadpueblonuevo.gob.ec\/manabi\/wp-json\/wp\/v2\/media?parent=2612"}],"wp:term":[{"taxonomy":"category","embeddable":true,"href":"https:\/\/gadpueblonuevo.gob.ec\/manabi\/wp-json\/wp\/v2\/categories?post=2612"},{"taxonomy":"post_tag","embeddable":true,"href":"https:\/\/gadpueblonuevo.gob.ec\/manabi\/wp-json\/wp\/v2\/tags?post=2612"},{"taxonomy":"yst_prominent_words","embeddable":true,"href":"https:\/\/gadpueblonuevo.gob.ec\/manabi\/wp-json\/wp\/v2\/yst_prominent_words?post=2612"}],"curies":[{"name":"wp","href":"https:\/\/api.w.org\/{rel}","templated":true}]}}