{"id":2591,"date":"2020-08-13T18:42:56","date_gmt":"2020-08-13T22:42:56","guid":{"rendered":"https:\/\/gadpueblonuevo.gob.ec\/manabi\/?p=2591"},"modified":"2020-08-16T18:53:58","modified_gmt":"2020-08-16T22:53:58","slug":"mercado-municipal-pueblo-nuevo","status":"publish","type":"post","link":"https:\/\/gadpueblonuevo.gob.ec\/manabi\/mercado-municipal-pueblo-nuevo\/","title":{"rendered":"Mercado Municipal Pueblo Nuevo"},"content":{"rendered":"<div class=\"kvgmc6g5 cxmmr5t8 oygrvhab hcukyx3x c1et5uql ii04i59q\">\n<div dir=\"auto\">Hoy Jueves 13 de agosto se realiz\u00f3 un recorrido en las instalaciones de la reconstrucci\u00f3n del mercado de la Parroquia Pueblo Nuevo junt\u00f3 con los compa\u00f1eros vocales del GAD. Parroquial y funcionarios de Porto Mercado y del GAD. Municipal de Portoviejo, est\u00e1 actividad se la realiz\u00f3 junt\u00f3 al Lcd. Juan Farias coordinador de Gesti\u00f3n Rural.<\/div>\n<\/div>\n<div class=\"o9v6fnle cxmmr5t8 oygrvhab hcukyx3x c1et5uql ii04i59q\">\n<div dir=\"auto\"><\/div>\n<div dir=\"auto\">&#8220;Juntos Y Solidarios, Priorizando El Bienestar De Nuestra Gente&#8221;<\/div>\n<div dir=\"auto\"><a href=\"https:\/\/gadpueblonuevo.gob.ec\/manabi\/mercado-municipal-pueblo-nuevo\/117768126_650135292267203_4156278557878218744_n\/\" rel=\"attachment wp-att-2592\"><img fetchpriority=\"high\" decoding=\"async\" class=\"wp-image-2592 aligncenter\" src=\"https:\/\/gadpueblonuevo.gob.ec\/manabi\/wp-content\/uploads\/2020\/08\/117768126_650135292267203_4156278557878218744_n.jpg\" alt=\"\" width=\"600\" height=\"450\" srcset=\"https:\/\/gadpueblonuevo.gob.ec\/manabi\/wp-content\/uploads\/2020\/08\/117768126_650135292267203_4156278557878218744_n.jpg 960w, https:\/\/gadpueblonuevo.gob.ec\/manabi\/wp-content\/uploads\/2020\/08\/117768126_650135292267203_4156278557878218744_n-550x413.jpg 550w, https:\/\/gadpueblonuevo.gob.ec\/manabi\/wp-content\/uploads\/2020\/08\/117768126_650135292267203_4156278557878218744_n-768x576.jpg 768w\" sizes=\"(max-width: 600px) 100vw, 600px\" \/><\/a><\/div>\n<div dir=\"auto\"><\/div>\n<div dir=\"auto\"><a href=\"https:\/\/gadpueblonuevo.gob.ec\/manabi\/mercado-municipal-pueblo-nuevo\/117824909_650135252267207_8739484652012918215_n\/\" rel=\"attachment wp-att-2593\"><img decoding=\"async\" class=\"wp-image-2593 aligncenter\" src=\"https:\/\/gadpueblonuevo.gob.ec\/manabi\/wp-content\/uploads\/2020\/08\/117824909_650135252267207_8739484652012918215_n.jpg\" alt=\"\" width=\"600\" height=\"450\" srcset=\"https:\/\/gadpueblonuevo.gob.ec\/manabi\/wp-content\/uploads\/2020\/08\/117824909_650135252267207_8739484652012918215_n.jpg 960w, https:\/\/gadpueblonuevo.gob.ec\/manabi\/wp-content\/uploads\/2020\/08\/117824909_650135252267207_8739484652012918215_n-550x413.jpg 550w, https:\/\/gadpueblonuevo.gob.ec\/manabi\/wp-content\/uploads\/2020\/08\/117824909_650135252267207_8739484652012918215_n-768x576.jpg 768w\" sizes=\"(max-width: 600px) 100vw, 600px\" \/><\/a><\/div>\n<div dir=\"auto\"><\/div>\n<div dir=\"auto\"><a href=\"https:\/\/gadpueblonuevo.gob.ec\/manabi\/mercado-municipal-pueblo-nuevo\/117770761_650135215600544_6333126244718100185_n\/\" rel=\"attachment wp-att-2594\"><img decoding=\"async\" class=\"wp-image-2594 aligncenter\" src=\"https:\/\/gadpueblonuevo.gob.ec\/manabi\/wp-content\/uploads\/2020\/08\/117770761_650135215600544_6333126244718100185_n.jpg\" alt=\"\" width=\"601\" height=\"451\" srcset=\"https:\/\/gadpueblonuevo.gob.ec\/manabi\/wp-content\/uploads\/2020\/08\/117770761_650135215600544_6333126244718100185_n.jpg 960w, https:\/\/gadpueblonuevo.gob.ec\/manabi\/wp-content\/uploads\/2020\/08\/117770761_650135215600544_6333126244718100185_n-550x413.jpg 550w, https:\/\/gadpueblonuevo.gob.ec\/manabi\/wp-content\/uploads\/2020\/08\/117770761_650135215600544_6333126244718100185_n-768x576.jpg 768w\" sizes=\"(max-width: 601px) 100vw, 601px\" \/><\/a><\/div>\n<div dir=\"auto\"><\/div>\n<div dir=\"auto\"><a href=\"https:\/\/gadpueblonuevo.gob.ec\/manabi\/mercado-municipal-pueblo-nuevo\/117731474_650135108933888_6580385836059044975_n\/\" rel=\"attachment wp-att-2595\"><img loading=\"lazy\" decoding=\"async\" class=\"wp-image-2595 aligncenter\" src=\"https:\/\/gadpueblonuevo.gob.ec\/manabi\/wp-content\/uploads\/2020\/08\/117731474_650135108933888_6580385836059044975_n.jpg\" alt=\"\" width=\"600\" height=\"450\" srcset=\"https:\/\/gadpueblonuevo.gob.ec\/manabi\/wp-content\/uploads\/2020\/08\/117731474_650135108933888_6580385836059044975_n.jpg 960w, https:\/\/gadpueblonuevo.gob.ec\/manabi\/wp-content\/uploads\/2020\/08\/117731474_650135108933888_6580385836059044975_n-550x413.jpg 550w, https:\/\/gadpueblonuevo.gob.ec\/manabi\/wp-content\/uploads\/2020\/08\/117731474_650135108933888_6580385836059044975_n-768x576.jpg 768w\" sizes=\"(max-width: 600px) 100vw, 600px\" \/><\/a><\/div>\n<div dir=\"auto\"><\/div>\n<div dir=\"auto\"><a href=\"https:\/\/gadpueblonuevo.gob.ec\/manabi\/mercado-municipal-pueblo-nuevo\/117818608_650135045600561_7045628783463856926_n\/\" rel=\"attachment wp-att-2596\"><img loading=\"lazy\" decoding=\"async\" class=\"wp-image-2596 aligncenter\" src=\"https:\/\/gadpueblonuevo.gob.ec\/manabi\/wp-content\/uploads\/2020\/08\/117818608_650135045600561_7045628783463856926_n.jpg\" alt=\"\" width=\"600\" height=\"450\" srcset=\"https:\/\/gadpueblonuevo.gob.ec\/manabi\/wp-content\/uploads\/2020\/08\/117818608_650135045600561_7045628783463856926_n.jpg 960w, https:\/\/gadpueblonuevo.gob.ec\/manabi\/wp-content\/uploads\/2020\/08\/117818608_650135045600561_7045628783463856926_n-550x413.jpg 550w, https:\/\/gadpueblonuevo.gob.ec\/manabi\/wp-content\/uploads\/2020\/08\/117818608_650135045600561_7045628783463856926_n-768x576.jpg 768w\" sizes=\"(max-width: 600px) 100vw, 600px\" \/><\/a><\/div>\n<\/div>\n","protected":false},"excerpt":{"rendered":"<p>Hoy Jueves 13 de agosto se realiz\u00f3 un recorrido en las instalaciones de la reconstrucci\u00f3n del mercado de la Parroquia Pueblo Nuevo junt\u00f3 con los compa\u00f1eros vocales del GAD. Parroquial y funcionarios de Porto Mercado y del GAD. Municipal de Portoviejo, est\u00e1 actividad se la realiz\u00f3 junt\u00f3 al Lcd. Juan Farias coordinador de Gesti\u00f3n Rural. [&hellip;]<\/p>\n","protected":false},"author":5,"featured_media":2596,"comment_status":"closed","ping_status":"closed","sticky":false,"template":"","format":"standard","meta":{"footnotes":""},"categories":[56,46],"tags":[],"yst_prominent_words":[108,131,130,129],"class_list":["post-2591","post","type-post","status-publish","format-standard","has-post-thumbnail","hentry","category-obras","category-c76-ultimas-noticias"],"_links":{"self":[{"href":"https:\/\/gadpueblonuevo.gob.ec\/manabi\/wp-json\/wp\/v2\/posts\/2591","targetHints":{"allow":["GET"]}}],"collection":[{"href":"https:\/\/gadpueblonuevo.gob.ec\/manabi\/wp-json\/wp\/v2\/posts"}],"about":[{"href":"https:\/\/gadpueblonuevo.gob.ec\/manabi\/wp-json\/wp\/v2\/types\/post"}],"author":[{"embeddable":true,"href":"https:\/\/gadpueblonuevo.gob.ec\/manabi\/wp-json\/wp\/v2\/users\/5"}],"replies":[{"embeddable":true,"href":"https:\/\/gadpueblonuevo.gob.ec\/manabi\/wp-json\/wp\/v2\/comments?post=2591"}],"version-history":[{"count":2,"href":"https:\/\/gadpueblonuevo.gob.ec\/manabi\/wp-json\/wp\/v2\/posts\/2591\/revisions"}],"predecessor-version":[{"id":2598,"href":"https:\/\/gadpueblonuevo.gob.ec\/manabi\/wp-json\/wp\/v2\/posts\/2591\/revisions\/2598"}],"wp:featuredmedia":[{"embeddable":true,"href":"https:\/\/gadpueblonuevo.gob.ec\/manabi\/wp-json\/wp\/v2\/media\/2596"}],"wp:attachment":[{"href":"https:\/\/gadpueblonuevo.gob.ec\/manabi\/wp-json\/wp\/v2\/media?parent=2591"}],"wp:term":[{"taxonomy":"category","embeddable":true,"href":"https:\/\/gadpueblonuevo.gob.ec\/manabi\/wp-json\/wp\/v2\/categories?post=2591"},{"taxonomy":"post_tag","embeddable":true,"href":"https:\/\/gadpueblonuevo.gob.ec\/manabi\/wp-json\/wp\/v2\/tags?post=2591"},{"taxonomy":"yst_prominent_words","embeddable":true,"href":"https:\/\/gadpueblonuevo.gob.ec\/manabi\/wp-json\/wp\/v2\/yst_prominent_words?post=2591"}],"curies":[{"name":"wp","href":"https:\/\/api.w.org\/{rel}","templated":true}]}}