{"id":2577,"date":"2020-08-10T22:59:46","date_gmt":"2020-08-11T02:59:46","guid":{"rendered":"https:\/\/gadpueblonuevo.gob.ec\/manabi\/?p=2577"},"modified":"2020-08-10T22:59:46","modified_gmt":"2020-08-11T02:59:46","slug":"medicamentos","status":"publish","type":"post","link":"https:\/\/gadpueblonuevo.gob.ec\/manabi\/medicamentos\/","title":{"rendered":"Medicamentos&#8230;"},"content":{"rendered":"<p>Seguimos bendecidos por la gesti\u00f3n realizada ante organismos privados y gubernamental, para seguir mejorando la atenci\u00f3n de quienes m\u00e1s necesita, un stop de medicamentos nuevos lleg\u00f3 y se ponen a disposici\u00f3n para ser entregados en coordinaci\u00f3n con los Centros de Salud de Pueblo Nuevo y nuestra hermana comunidad de La Encantada.<\/p>\n<p>Agradezco a nuestro coordinador, Ldo. \u00a0D\u00eddimo Bravo Carranza y la fortaleza de la Aso. 2 de junio, La Pastoral Social de la Iglesia de Pueblo Nuevo, hemos realizado esta gran gesti\u00f3n.<\/p>\n<p>Siempre pensado en nuestra gente.<\/p>\n<p>\u201cJuntos Y Solidarios, Priorizando En Bienestar De Nuestra Gente \u201c<\/p>\n<p><a href=\"https:\/\/gadpueblonuevo.gob.ec\/manabi\/medicamentos\/whatsapp-image-2020-08-10-at-12-38-55-pm-1\/\" rel=\"attachment wp-att-2578\"><img fetchpriority=\"high\" decoding=\"async\" class=\"wp-image-2578 aligncenter\" src=\"https:\/\/gadpueblonuevo.gob.ec\/manabi\/wp-content\/uploads\/2020\/08\/WhatsApp-Image-2020-08-10-at-12.38.55-PM-1.jpeg\" alt=\"\" width=\"551\" height=\"310\" srcset=\"https:\/\/gadpueblonuevo.gob.ec\/manabi\/wp-content\/uploads\/2020\/08\/WhatsApp-Image-2020-08-10-at-12.38.55-PM-1.jpeg 1280w, https:\/\/gadpueblonuevo.gob.ec\/manabi\/wp-content\/uploads\/2020\/08\/WhatsApp-Image-2020-08-10-at-12.38.55-PM-1-550x309.jpeg 550w, https:\/\/gadpueblonuevo.gob.ec\/manabi\/wp-content\/uploads\/2020\/08\/WhatsApp-Image-2020-08-10-at-12.38.55-PM-1-1024x576.jpeg 1024w, https:\/\/gadpueblonuevo.gob.ec\/manabi\/wp-content\/uploads\/2020\/08\/WhatsApp-Image-2020-08-10-at-12.38.55-PM-1-768x432.jpeg 768w\" sizes=\"(max-width: 551px) 100vw, 551px\" \/><\/a><\/p>\n<p><a href=\"https:\/\/gadpueblonuevo.gob.ec\/manabi\/medicamentos\/whatsapp-image-2020-08-10-at-12-38-55-pm\/\" rel=\"attachment wp-att-2579\"><img decoding=\"async\" class=\"wp-image-2579 aligncenter\" src=\"https:\/\/gadpueblonuevo.gob.ec\/manabi\/wp-content\/uploads\/2020\/08\/WhatsApp-Image-2020-08-10-at-12.38.55-PM.jpeg\" alt=\"\" width=\"450\" height=\"800\" srcset=\"https:\/\/gadpueblonuevo.gob.ec\/manabi\/wp-content\/uploads\/2020\/08\/WhatsApp-Image-2020-08-10-at-12.38.55-PM.jpeg 720w, https:\/\/gadpueblonuevo.gob.ec\/manabi\/wp-content\/uploads\/2020\/08\/WhatsApp-Image-2020-08-10-at-12.38.55-PM-450x800.jpeg 450w, https:\/\/gadpueblonuevo.gob.ec\/manabi\/wp-content\/uploads\/2020\/08\/WhatsApp-Image-2020-08-10-at-12.38.55-PM-576x1024.jpeg 576w\" sizes=\"(max-width: 450px) 100vw, 450px\" \/><\/a><\/p>\n","protected":false},"excerpt":{"rendered":"<p>Seguimos bendecidos por la gesti\u00f3n realizada ante organismos privados y gubernamental, para seguir mejorando la atenci\u00f3n de quienes m\u00e1s necesita, un stop de medicamentos nuevos lleg\u00f3 y se ponen a disposici\u00f3n para ser entregados en coordinaci\u00f3n con los Centros de Salud de Pueblo Nuevo y nuestra hermana comunidad de La Encantada. Agradezco a nuestro coordinador, [&hellip;]<\/p>\n","protected":false},"author":5,"featured_media":2578,"comment_status":"closed","ping_status":"closed","sticky":false,"template":"","format":"standard","meta":{"footnotes":""},"categories":[56,46],"tags":[],"yst_prominent_words":[127,126,62,102],"class_list":["post-2577","post","type-post","status-publish","format-standard","has-post-thumbnail","hentry","category-obras","category-c76-ultimas-noticias"],"_links":{"self":[{"href":"https:\/\/gadpueblonuevo.gob.ec\/manabi\/wp-json\/wp\/v2\/posts\/2577","targetHints":{"allow":["GET"]}}],"collection":[{"href":"https:\/\/gadpueblonuevo.gob.ec\/manabi\/wp-json\/wp\/v2\/posts"}],"about":[{"href":"https:\/\/gadpueblonuevo.gob.ec\/manabi\/wp-json\/wp\/v2\/types\/post"}],"author":[{"embeddable":true,"href":"https:\/\/gadpueblonuevo.gob.ec\/manabi\/wp-json\/wp\/v2\/users\/5"}],"replies":[{"embeddable":true,"href":"https:\/\/gadpueblonuevo.gob.ec\/manabi\/wp-json\/wp\/v2\/comments?post=2577"}],"version-history":[{"count":2,"href":"https:\/\/gadpueblonuevo.gob.ec\/manabi\/wp-json\/wp\/v2\/posts\/2577\/revisions"}],"predecessor-version":[{"id":2581,"href":"https:\/\/gadpueblonuevo.gob.ec\/manabi\/wp-json\/wp\/v2\/posts\/2577\/revisions\/2581"}],"wp:featuredmedia":[{"embeddable":true,"href":"https:\/\/gadpueblonuevo.gob.ec\/manabi\/wp-json\/wp\/v2\/media\/2578"}],"wp:attachment":[{"href":"https:\/\/gadpueblonuevo.gob.ec\/manabi\/wp-json\/wp\/v2\/media?parent=2577"}],"wp:term":[{"taxonomy":"category","embeddable":true,"href":"https:\/\/gadpueblonuevo.gob.ec\/manabi\/wp-json\/wp\/v2\/categories?post=2577"},{"taxonomy":"post_tag","embeddable":true,"href":"https:\/\/gadpueblonuevo.gob.ec\/manabi\/wp-json\/wp\/v2\/tags?post=2577"},{"taxonomy":"yst_prominent_words","embeddable":true,"href":"https:\/\/gadpueblonuevo.gob.ec\/manabi\/wp-json\/wp\/v2\/yst_prominent_words?post=2577"}],"curies":[{"name":"wp","href":"https:\/\/api.w.org\/{rel}","templated":true}]}}