{"id":2571,"date":"2020-08-10T20:28:41","date_gmt":"2020-08-11T00:28:41","guid":{"rendered":"https:\/\/gadpueblonuevo.gob.ec\/manabi\/?p=2571"},"modified":"2020-08-10T20:28:41","modified_gmt":"2020-08-11T00:28:41","slug":"cnell","status":"publish","type":"post","link":"https:\/\/gadpueblonuevo.gob.ec\/manabi\/cnell\/","title":{"rendered":"CNELL&#8230;"},"content":{"rendered":"<div class=\"kvgmc6g5 cxmmr5t8 oygrvhab hcukyx3x c1et5uql ii04i59q\">\n<div dir=\"auto\">Se evacua la solicitud de los ciudadanos del sector La Dolorosa de la parroquia Pueblo Nuevo, ante la gesti\u00f3n realizada en CNEL.<\/div>\n<div dir=\"auto\">Se agradece a la Instituci\u00f3n responsable por tan \u00e1gil soluci\u00f3n al problema que manten\u00eda por la deficiencia de la energ\u00eda.<\/div>\n<\/div>\n<div class=\"o9v6fnle cxmmr5t8 oygrvhab hcukyx3x c1et5uql ii04i59q\">\n<div dir=\"auto\">\u201cJuntos Y Solidarios, Priorizando El Bienestar De Nuestra Gente\u201d<\/div>\n<div dir=\"auto\"><\/div>\n<\/div>\n<div dir=\"auto\"><a href=\"https:\/\/gadpueblonuevo.gob.ec\/manabi\/cnell\/whatsapp-image-2020-08-10-at-12-38-58-pm-1\/\" rel=\"attachment wp-att-2572\"><img fetchpriority=\"high\" decoding=\"async\" class=\"wp-image-2572 aligncenter\" src=\"https:\/\/gadpueblonuevo.gob.ec\/manabi\/wp-content\/uploads\/2020\/08\/WhatsApp-Image-2020-08-10-at-12.38.58-PM-1.jpeg\" alt=\"\" width=\"550\" height=\"413\" srcset=\"https:\/\/gadpueblonuevo.gob.ec\/manabi\/wp-content\/uploads\/2020\/08\/WhatsApp-Image-2020-08-10-at-12.38.58-PM-1.jpeg 1040w, https:\/\/gadpueblonuevo.gob.ec\/manabi\/wp-content\/uploads\/2020\/08\/WhatsApp-Image-2020-08-10-at-12.38.58-PM-1-550x413.jpeg 550w, https:\/\/gadpueblonuevo.gob.ec\/manabi\/wp-content\/uploads\/2020\/08\/WhatsApp-Image-2020-08-10-at-12.38.58-PM-1-1024x768.jpeg 1024w, https:\/\/gadpueblonuevo.gob.ec\/manabi\/wp-content\/uploads\/2020\/08\/WhatsApp-Image-2020-08-10-at-12.38.58-PM-1-768x576.jpeg 768w\" sizes=\"(max-width: 550px) 100vw, 550px\" \/><\/a><\/div>\n<div dir=\"auto\"><a href=\"https:\/\/gadpueblonuevo.gob.ec\/manabi\/cnell\/whatsapp-image-2020-08-10-at-12-38-58-pm\/\" rel=\"attachment wp-att-2573\"><img decoding=\"async\" class=\"wp-image-2573 aligncenter\" src=\"https:\/\/gadpueblonuevo.gob.ec\/manabi\/wp-content\/uploads\/2020\/08\/WhatsApp-Image-2020-08-10-at-12.38.58-PM.jpeg\" alt=\"\" width=\"550\" height=\"413\" srcset=\"https:\/\/gadpueblonuevo.gob.ec\/manabi\/wp-content\/uploads\/2020\/08\/WhatsApp-Image-2020-08-10-at-12.38.58-PM.jpeg 1040w, https:\/\/gadpueblonuevo.gob.ec\/manabi\/wp-content\/uploads\/2020\/08\/WhatsApp-Image-2020-08-10-at-12.38.58-PM-550x413.jpeg 550w, https:\/\/gadpueblonuevo.gob.ec\/manabi\/wp-content\/uploads\/2020\/08\/WhatsApp-Image-2020-08-10-at-12.38.58-PM-1024x768.jpeg 1024w, https:\/\/gadpueblonuevo.gob.ec\/manabi\/wp-content\/uploads\/2020\/08\/WhatsApp-Image-2020-08-10-at-12.38.58-PM-768x576.jpeg 768w\" sizes=\"(max-width: 550px) 100vw, 550px\" \/><\/a><\/div>\n","protected":false},"excerpt":{"rendered":"<p>Se evacua la solicitud de los ciudadanos del sector La Dolorosa de la parroquia Pueblo Nuevo, ante la gesti\u00f3n realizada en CNEL. Se agradece a la Instituci\u00f3n responsable por tan \u00e1gil soluci\u00f3n al problema que manten\u00eda por la deficiencia de la energ\u00eda. \u201cJuntos Y Solidarios, Priorizando El Bienestar De Nuestra Gente\u201d<\/p>\n","protected":false},"author":5,"featured_media":2572,"comment_status":"closed","ping_status":"closed","sticky":false,"template":"","format":"standard","meta":{"footnotes":""},"categories":[56,46],"tags":[],"yst_prominent_words":[],"class_list":["post-2571","post","type-post","status-publish","format-standard","has-post-thumbnail","hentry","category-obras","category-c76-ultimas-noticias"],"_links":{"self":[{"href":"https:\/\/gadpueblonuevo.gob.ec\/manabi\/wp-json\/wp\/v2\/posts\/2571","targetHints":{"allow":["GET"]}}],"collection":[{"href":"https:\/\/gadpueblonuevo.gob.ec\/manabi\/wp-json\/wp\/v2\/posts"}],"about":[{"href":"https:\/\/gadpueblonuevo.gob.ec\/manabi\/wp-json\/wp\/v2\/types\/post"}],"author":[{"embeddable":true,"href":"https:\/\/gadpueblonuevo.gob.ec\/manabi\/wp-json\/wp\/v2\/users\/5"}],"replies":[{"embeddable":true,"href":"https:\/\/gadpueblonuevo.gob.ec\/manabi\/wp-json\/wp\/v2\/comments?post=2571"}],"version-history":[{"count":3,"href":"https:\/\/gadpueblonuevo.gob.ec\/manabi\/wp-json\/wp\/v2\/posts\/2571\/revisions"}],"predecessor-version":[{"id":2576,"href":"https:\/\/gadpueblonuevo.gob.ec\/manabi\/wp-json\/wp\/v2\/posts\/2571\/revisions\/2576"}],"wp:featuredmedia":[{"embeddable":true,"href":"https:\/\/gadpueblonuevo.gob.ec\/manabi\/wp-json\/wp\/v2\/media\/2572"}],"wp:attachment":[{"href":"https:\/\/gadpueblonuevo.gob.ec\/manabi\/wp-json\/wp\/v2\/media?parent=2571"}],"wp:term":[{"taxonomy":"category","embeddable":true,"href":"https:\/\/gadpueblonuevo.gob.ec\/manabi\/wp-json\/wp\/v2\/categories?post=2571"},{"taxonomy":"post_tag","embeddable":true,"href":"https:\/\/gadpueblonuevo.gob.ec\/manabi\/wp-json\/wp\/v2\/tags?post=2571"},{"taxonomy":"yst_prominent_words","embeddable":true,"href":"https:\/\/gadpueblonuevo.gob.ec\/manabi\/wp-json\/wp\/v2\/yst_prominent_words?post=2571"}],"curies":[{"name":"wp","href":"https:\/\/api.w.org\/{rel}","templated":true}]}}