{"id":2523,"date":"2020-06-17T13:24:28","date_gmt":"2020-06-17T17:24:28","guid":{"rendered":"https:\/\/gadpueblonuevo.gob.ec\/manabi\/?p=2523"},"modified":"2020-06-17T19:03:22","modified_gmt":"2020-06-17T23:03:22","slug":"plan-de-desarrollo-y-ordenamiento-territorial-de-la-parroquia-pueblo-nuevo-pdyot","status":"publish","type":"post","link":"https:\/\/gadpueblonuevo.gob.ec\/manabi\/plan-de-desarrollo-y-ordenamiento-territorial-de-la-parroquia-pueblo-nuevo-pdyot\/","title":{"rendered":"PLAN DE DESARROLLO Y ORDENAMIENTO TERRITORIAL DE LA PARROQUIA PUEBLO NUEVO PDyOT"},"content":{"rendered":"<hr \/>\n<p><a href=\"https:\/\/gadpueblonuevo.gob.ec\/manabi\/plan-de-desarrollo-y-ordenamiento-territorial-de-la-parroquia-pueblo-nuevo-pdyot\/pdyot\/\" rel=\"attachment wp-att-2529\">PDyOT<\/a><\/p>\n<p>Toda vez que avanzamos con nuestro Plan de Desarrollo y Ordenamiento Territorial de la parroquia Pueblo Nuevo, trascendemos en la historia y presentando a la ciudadan\u00eda temporalmente la propuesta formulada de los componentes que para que realicen sus aportes, recordemos que pasamos por una pandemia y no podemos congregar f\u00edsicamente a la ciudadan\u00eda, este ser\u00e1 el medio de participaci\u00f3n.<a href=\"https:\/\/gadpueblonuevo.gob.ec\/manabi\/plan-de-desarrollo-y-ordenamiento-territorial-de-la-parroquia-pueblo-nuevo-pdyot\/pdyot-3\/\" rel=\"attachment wp-att-2536\">PDyOT<\/a><\/p>\n","protected":false},"excerpt":{"rendered":"<p>PDyOT Toda vez que avanzamos con nuestro Plan de Desarrollo y Ordenamiento Territorial de la parroquia Pueblo Nuevo, trascendemos en la historia y presentando a la ciudadan\u00eda temporalmente la propuesta formulada de los componentes que para que realicen sus aportes, recordemos que pasamos por una pandemia y no podemos congregar f\u00edsicamente a la ciudadan\u00eda, este [&hellip;]<\/p>\n","protected":false},"author":5,"featured_media":0,"comment_status":"closed","ping_status":"closed","sticky":false,"template":"","format":"standard","meta":{"footnotes":""},"categories":[56,46],"tags":[],"yst_prominent_words":[119,120],"class_list":["post-2523","post","type-post","status-publish","format-standard","hentry","category-obras","category-c76-ultimas-noticias"],"_links":{"self":[{"href":"https:\/\/gadpueblonuevo.gob.ec\/manabi\/wp-json\/wp\/v2\/posts\/2523","targetHints":{"allow":["GET"]}}],"collection":[{"href":"https:\/\/gadpueblonuevo.gob.ec\/manabi\/wp-json\/wp\/v2\/posts"}],"about":[{"href":"https:\/\/gadpueblonuevo.gob.ec\/manabi\/wp-json\/wp\/v2\/types\/post"}],"author":[{"embeddable":true,"href":"https:\/\/gadpueblonuevo.gob.ec\/manabi\/wp-json\/wp\/v2\/users\/5"}],"replies":[{"embeddable":true,"href":"https:\/\/gadpueblonuevo.gob.ec\/manabi\/wp-json\/wp\/v2\/comments?post=2523"}],"version-history":[{"count":7,"href":"https:\/\/gadpueblonuevo.gob.ec\/manabi\/wp-json\/wp\/v2\/posts\/2523\/revisions"}],"predecessor-version":[{"id":2537,"href":"https:\/\/gadpueblonuevo.gob.ec\/manabi\/wp-json\/wp\/v2\/posts\/2523\/revisions\/2537"}],"wp:attachment":[{"href":"https:\/\/gadpueblonuevo.gob.ec\/manabi\/wp-json\/wp\/v2\/media?parent=2523"}],"wp:term":[{"taxonomy":"category","embeddable":true,"href":"https:\/\/gadpueblonuevo.gob.ec\/manabi\/wp-json\/wp\/v2\/categories?post=2523"},{"taxonomy":"post_tag","embeddable":true,"href":"https:\/\/gadpueblonuevo.gob.ec\/manabi\/wp-json\/wp\/v2\/tags?post=2523"},{"taxonomy":"yst_prominent_words","embeddable":true,"href":"https:\/\/gadpueblonuevo.gob.ec\/manabi\/wp-json\/wp\/v2\/yst_prominent_words?post=2523"}],"curies":[{"name":"wp","href":"https:\/\/api.w.org\/{rel}","templated":true}]}}