{"id":2397,"date":"2020-05-09T13:07:41","date_gmt":"2020-05-09T17:07:41","guid":{"rendered":"http:\/\/gadpueblonuevo.gob.ec\/manabi\/?p=2397"},"modified":"2020-05-19T13:15:42","modified_gmt":"2020-05-19T17:15:42","slug":"reunion-de-trabajo","status":"publish","type":"post","link":"https:\/\/gadpueblonuevo.gob.ec\/manabi\/reunion-de-trabajo\/","title":{"rendered":"Reuni\u00f3n de trabajo"},"content":{"rendered":"<div class=\"kvgmc6g5 cxmmr5t8 oygrvhab hcukyx3x c1et5uql ii04i59q\">\n<div dir=\"auto\">Hoy se mantuvo una reuni\u00f3n de trabajo en conjunto con el Teniente Pol\u00edtico y Polic\u00eda Nacional de parroquia Pueblo Nuevo y moradores de las comunidades Los Laureles y La Majagua.<\/div>\n<\/div>\n<div class=\"o9v6fnle cxmmr5t8 oygrvhab hcukyx3x c1et5uql ii04i59q\">\n<div dir=\"auto\">Juntos Cambiaremos la Parroquia\u2026<\/div>\n<div dir=\"auto\"><a href=\"http:\/\/gadpueblonuevo.gob.ec\/manabi\/reunion-de-trabajo\/96287400_584690798811653_551192531988119552_o\/\" rel=\"attachment wp-att-2399\"><img fetchpriority=\"high\" decoding=\"async\" class=\"wp-image-2399 aligncenter\" src=\"http:\/\/gadpueblonuevo.gob.ec\/manabi\/wp-content\/uploads\/2020\/05\/96287400_584690798811653_551192531988119552_o.jpg\" alt=\"\" width=\"660\" height=\"305\" srcset=\"https:\/\/gadpueblonuevo.gob.ec\/manabi\/wp-content\/uploads\/2020\/05\/96287400_584690798811653_551192531988119552_o.jpg 1032w, https:\/\/gadpueblonuevo.gob.ec\/manabi\/wp-content\/uploads\/2020\/05\/96287400_584690798811653_551192531988119552_o-550x254.jpg 550w, https:\/\/gadpueblonuevo.gob.ec\/manabi\/wp-content\/uploads\/2020\/05\/96287400_584690798811653_551192531988119552_o-1024x473.jpg 1024w, https:\/\/gadpueblonuevo.gob.ec\/manabi\/wp-content\/uploads\/2020\/05\/96287400_584690798811653_551192531988119552_o-768x355.jpg 768w\" sizes=\"(max-width: 660px) 100vw, 660px\" \/><\/a><\/div>\n<div dir=\"auto\"><a href=\"http:\/\/gadpueblonuevo.gob.ec\/manabi\/reunion-de-trabajo\/95860010_584690562145010_3550753449056403456_o\/\" rel=\"attachment wp-att-2400\"><img decoding=\"async\" class=\"wp-image-2400 aligncenter\" src=\"http:\/\/gadpueblonuevo.gob.ec\/manabi\/wp-content\/uploads\/2020\/05\/95860010_584690562145010_3550753449056403456_o.jpg\" alt=\"\" width=\"651\" height=\"301\" srcset=\"https:\/\/gadpueblonuevo.gob.ec\/manabi\/wp-content\/uploads\/2020\/05\/95860010_584690562145010_3550753449056403456_o.jpg 1032w, https:\/\/gadpueblonuevo.gob.ec\/manabi\/wp-content\/uploads\/2020\/05\/95860010_584690562145010_3550753449056403456_o-550x254.jpg 550w, https:\/\/gadpueblonuevo.gob.ec\/manabi\/wp-content\/uploads\/2020\/05\/95860010_584690562145010_3550753449056403456_o-1024x473.jpg 1024w, https:\/\/gadpueblonuevo.gob.ec\/manabi\/wp-content\/uploads\/2020\/05\/95860010_584690562145010_3550753449056403456_o-768x355.jpg 768w\" sizes=\"(max-width: 651px) 100vw, 651px\" \/><\/a><\/div>\n<div dir=\"auto\"><a href=\"http:\/\/gadpueblonuevo.gob.ec\/manabi\/reunion-de-trabajo\/96283728_584690482145018_6101921661617963008_o\/\" rel=\"attachment wp-att-2401\"><img decoding=\"async\" class=\"wp-image-2401 aligncenter\" src=\"http:\/\/gadpueblonuevo.gob.ec\/manabi\/wp-content\/uploads\/2020\/05\/96283728_584690482145018_6101921661617963008_o.jpg\" alt=\"\" width=\"651\" height=\"301\" srcset=\"https:\/\/gadpueblonuevo.gob.ec\/manabi\/wp-content\/uploads\/2020\/05\/96283728_584690482145018_6101921661617963008_o.jpg 1032w, https:\/\/gadpueblonuevo.gob.ec\/manabi\/wp-content\/uploads\/2020\/05\/96283728_584690482145018_6101921661617963008_o-550x254.jpg 550w, https:\/\/gadpueblonuevo.gob.ec\/manabi\/wp-content\/uploads\/2020\/05\/96283728_584690482145018_6101921661617963008_o-1024x473.jpg 1024w, https:\/\/gadpueblonuevo.gob.ec\/manabi\/wp-content\/uploads\/2020\/05\/96283728_584690482145018_6101921661617963008_o-768x355.jpg 768w\" sizes=\"(max-width: 651px) 100vw, 651px\" \/><\/a><\/div>\n<\/div>\n","protected":false},"excerpt":{"rendered":"<p>Hoy se mantuvo una reuni\u00f3n de trabajo en conjunto con el Teniente Pol\u00edtico y Polic\u00eda Nacional de parroquia Pueblo Nuevo y moradores de las comunidades Los Laureles y La Majagua. Juntos Cambiaremos la Parroquia\u2026<\/p>\n","protected":false},"author":5,"featured_media":2398,"comment_status":"closed","ping_status":"closed","sticky":false,"template":"","format":"standard","meta":{"footnotes":""},"categories":[56,46],"tags":[],"yst_prominent_words":[],"class_list":["post-2397","post","type-post","status-publish","format-standard","has-post-thumbnail","hentry","category-obras","category-c76-ultimas-noticias"],"_links":{"self":[{"href":"https:\/\/gadpueblonuevo.gob.ec\/manabi\/wp-json\/wp\/v2\/posts\/2397","targetHints":{"allow":["GET"]}}],"collection":[{"href":"https:\/\/gadpueblonuevo.gob.ec\/manabi\/wp-json\/wp\/v2\/posts"}],"about":[{"href":"https:\/\/gadpueblonuevo.gob.ec\/manabi\/wp-json\/wp\/v2\/types\/post"}],"author":[{"embeddable":true,"href":"https:\/\/gadpueblonuevo.gob.ec\/manabi\/wp-json\/wp\/v2\/users\/5"}],"replies":[{"embeddable":true,"href":"https:\/\/gadpueblonuevo.gob.ec\/manabi\/wp-json\/wp\/v2\/comments?post=2397"}],"version-history":[{"count":2,"href":"https:\/\/gadpueblonuevo.gob.ec\/manabi\/wp-json\/wp\/v2\/posts\/2397\/revisions"}],"predecessor-version":[{"id":2403,"href":"https:\/\/gadpueblonuevo.gob.ec\/manabi\/wp-json\/wp\/v2\/posts\/2397\/revisions\/2403"}],"wp:featuredmedia":[{"embeddable":true,"href":"https:\/\/gadpueblonuevo.gob.ec\/manabi\/wp-json\/wp\/v2\/media\/2398"}],"wp:attachment":[{"href":"https:\/\/gadpueblonuevo.gob.ec\/manabi\/wp-json\/wp\/v2\/media?parent=2397"}],"wp:term":[{"taxonomy":"category","embeddable":true,"href":"https:\/\/gadpueblonuevo.gob.ec\/manabi\/wp-json\/wp\/v2\/categories?post=2397"},{"taxonomy":"post_tag","embeddable":true,"href":"https:\/\/gadpueblonuevo.gob.ec\/manabi\/wp-json\/wp\/v2\/tags?post=2397"},{"taxonomy":"yst_prominent_words","embeddable":true,"href":"https:\/\/gadpueblonuevo.gob.ec\/manabi\/wp-json\/wp\/v2\/yst_prominent_words?post=2397"}],"curies":[{"name":"wp","href":"https:\/\/api.w.org\/{rel}","templated":true}]}}