{"id":106,"date":"2011-10-13T15:17:33","date_gmt":"2011-10-13T19:17:33","guid":{"rendered":"http:\/\/gadpueblonuevo.gob.ec\/manabi\/?p=106"},"modified":"2011-10-13T15:17:33","modified_gmt":"2011-10-13T19:17:33","slug":"historia","status":"publish","type":"post","link":"https:\/\/gadpueblonuevo.gob.ec\/manabi\/historia\/","title":{"rendered":"Historia de la Parroquia"},"content":{"rendered":"<p style=\"text-align: justify;\"> \t<strong>RESE\u00d1A HISTORICA.<\/strong><\/p>\n<p style=\"text-align: justify;\"> \tHaciendo las correspondientes investigaciones y guiados en los escritos antiguos exigentes hemos podido conocer parte del origen de la actual parroquia Pueblo Nuevo.<\/p>\n<p style=\"text-align: justify;\"> \tPueblo Nuevo en 1922 era un recinto perteneciente a la Parroquia Riochico, el cual estaba dispersamente poblado, sus habitantes se dedicaban especial mente al cultivo de caf\u00e9 y de la tagua los cuales, produc\u00edan en abundancia atra\u00eddos por esos buenos tiempos de prosperidad, comerciantes de caf\u00e9 y la tagua comenzaron a asentarse en lo que hoy es la cabecera parroquial&nbsp; entre los pobladores que se recuerdan en ese entonces podemos mencionar a los se\u00f1ores Miguel Carranza, Feliz Far\u00edas y Cesar Obreg\u00f3n.<\/p>\n<p style=\"text-align: justify;\"> \tEn esta d\u00e9cada se fund\u00f3 la primera escuela siendo nombrada el 1ero de Abril de 1925 su primera profesora la Srta. Olinda Mar\u00eda Larrea M.&nbsp; Las calles en ese entonces eran llena de \u00e1rboles solo hab\u00edan caminos peatonales pero poco a poco iban llegando a estas zonas m\u00e1s pobladores es decir en 1932 resid\u00edan ya en dicho pueblo los siguiente Sres. Alfredo Rubio Pimentel, Guillermo Cede\u00f1o, Juli\u00e1n Mendoza, Ulbio Navia Alcivar, Miguel y Antonio Murillo, Manuel y Arturo Zambrano, Dima Sion, Daniel Delgado, Jacinto Moran, Sigilfredo Sol\u00f3rzano y Dar\u00edo Mu\u00f1oz entre otros.<\/p>\n<p style=\"text-align: justify;\"> \tEn aquel tiempo en este recinto hab\u00eda sido olvidado por las autoridades de turno hasta que a finales del a\u00f1o de 1940 que mostraba adelanto comerciales derivados de la agricultura, mas no contaba con los principales elementos de desarrollo como electricidad, el agua potable, carreteras, etc.<\/p>\n<p style=\"text-align: justify;\"> \tLos automotores&nbsp; solo&nbsp; transitaban en \u00e9pocas de veranos, pues llegada la temporada de invierno la \u00fanica forma de salir era a caballo. los habitantes de aquellos tiempos hab\u00edan sufrido muchas necesidades, para conseguir el l\u00edquido vital para el consumo humano se les hac\u00eda necesario acarrearlos en caballos desde un sitio denominado la Pe\u00f1a o la Majagua mientras que para los labores de lavado el agua se les trasladaba de un peque\u00f1o estero, se carec\u00eda de atenci\u00f3n m\u00e9dica, por lo cual los enfermos se los trasladaban en improvisadas camillas compuestas de hamacas sujetas a una o dos ca\u00f1as, para celebrar misa dominical, se&nbsp; hac\u00eda necesario la presencia del P\u00e1rroco de la Parroquia Riochico, not\u00e1ndose la asistencia multitudinaria de los feligreses de la zona que eran y siguen siendo muy cat\u00f3licos, terminada la misa por ser d\u00eda de feria, los hombres se dedicaban a la distracci\u00f3n de juegos de azar y consumo de alcohol hasta perder el control de sus acciones, terminando el d\u00eda con las consabidas ri\u00f1as, que en varias ocasiones llevaron a cometer cr\u00edmenes con armas blanca o de fuego, en cambio las mujeres no ten\u00edan ning\u00fan tipo de esparcimiento, eran en parte analfabetas y se dedicaban a las labores dom\u00e9sticas, otras asist\u00edan a la escuela hasta tercer grado (que era el mayor grado en el plantel), por lo cual se ve\u00edan obligadas a continuar sus estudios en los colegios de las religiosas, en Rocafuerte, Portoviejo, Manta o Guayaquil siempre y cuando tuvieran los medios econ\u00f3micos para hacerlo. De igual manera, los j\u00f3venes que deseaban superarse intelectualmente iban a&nbsp; Portoviejo de pensionistas o donde familiares (donde se hospedaban), habi\u00e9ndose destacado mucho de ellos como excelentes estudiantes.<\/p>\n<p style=\"text-align: justify;\"> \tEl problema m\u00e1s frecuente, originado por la falta de educaci\u00f3n, se presentaba especialmente entre las chicas, quienes desde muy jovencitas se fugaban con sus enamorados y&nbsp; al poco tiempo quedaban abandonadas, muchas veces con hijos a cuestas, mientras otras, con un poco de suerte se casaban.<\/p>\n<p style=\"text-align: justify;\"> \tEsas muchachas abandonadas, con ilusiones rotas y con un rictus de amargura, con la tristeza en sus ojos&nbsp; y en sus labios, l\u00e1grimas de dolor y decepci\u00f3n, encontraban, sin embargo, la mano generosa que le brindaban personas honorables y caritativas, virtud estas que poseen la gente de Pueblo Nuevo.<\/p>\n<p style=\"text-align: justify;\"> \tEstos aspectos negativos llevaron a varias familias a emigrar a otros lugares en busca de mejores d\u00edas. Algunos lo lograban, otros regresaban con la decepci\u00f3n del fracaso y las manos vac\u00edas, porque&nbsp; sus ahorros se gastaron en medicina para combatir las enfermedades ocasionadas por&nbsp; la humedad de la monta\u00f1a.<\/p>\n<p style=\"text-align: justify;\"> \t\u00bfC\u00f3mo solucionar aquellos problemas, si Pueblo Nuevo era un recinto olvidado por las autoridades?<\/p>\n<p style=\"text-align: justify;\"> \tAs\u00ed que en ese tiempo, el Se\u00f1or Luis Loor Saltos, digno hijo de la entonces Parroquia Jun\u00edn, quien ocupaba el cargo de Diputado por Manab\u00ed&nbsp; ante el Congreso Nacional, y luchaban con ah\u00ednco y denuedo por convertir a Jun\u00edn en un Cant\u00f3n, propone a los habitantes de Pueblo Nuevo que el recinto sea elevado a Parroquia de dicho Cant\u00f3n.<\/p>\n<p style=\"text-align: justify;\"> \tLa propuesta fue aceptada con alborozo por los pobladores, ya que el anhelo de independizarse de Riochico, a la cual pertenec\u00edan el recinto, se har\u00eda realidad.<\/p>\n<p style=\"text-align: justify;\"> \tEl alcalde de esa \u00e9poca. Se\u00f1or Crist\u00f3bal Azua y el Cuerpo Edilicio de Portoviejo, al saber esto, se trasladaron sin demora alguna&nbsp; a Pueblo Nuevo, donde se constituyeron en Asamblea permanente.<\/p>\n<p style=\"text-align: justify;\"> \tHe aqu\u00ed la ordenanza que erige a Pueblo Nuevo a Parroquia y su aprobaci\u00f3n por el poder ejecutivo Nro. 780.<\/p>\n<p style=\"text-align: justify;\"> \t<strong>ENTREVISTA.<\/strong><\/p>\n<p style=\"text-align: justify;\"> \tEl Se\u00f1or Ovidio Murillo Bravo naci\u00f3 el 15 de Noviembre de 1919, el ser entrevistado manifest\u00f3 que anteriormente este sector era rico en producci\u00f3n agr\u00edcola, sus habitantes se dedicaban al cultivo de caf\u00e9, cacao, algod\u00f3n, higuerilla, ma\u00edz, yuca, man\u00ed y tagua entre otros productos que eran comerciales, as\u00ed mismo nos expres\u00f3 que las personas m\u00e1s sobresalientes y&nbsp; distinguidas que ayudaron a que este&nbsp; pueblo progrese son: Sr. Sigilfredo&nbsp; Sol\u00f3rzano, Miguel Carranza, Santiago Cede\u00f1o, Melit\u00f3n Intriago, Manuel Zambrano, Guillermo Cede\u00f1o, Alfredo Rubio, Antonio Murillo Romero entre otros. Siendo el primer Teniente Pol\u00edtico el Sr. Miguel Murillo Saldarriaga.<\/p>\n<p style=\"text-align: justify;\"> \t<strong>CREACI\u00d3N.<\/strong><\/p>\n<p style=\"text-align: justify;\"> \tEl Presidente Constitucional de la Rep\u00fablica vista la solicitud del Ilustre Concejo del Cant\u00f3n Portoviejo de que se apruebe la ordenanza dictada el 21 de Octubre de 1952, por lo que se eleva a la categor\u00eda de Parroquia Rural al Sitio Pueblo Nuevo, publicado en el Registro Oficial N\u00ba&nbsp; 137 del 24 de febrero de 1953. P\u00e1gina 1328.<\/p>\n<p style=\"text-align: justify;\"> \t<strong>SUPERFICIE.<\/strong><\/p>\n<p style=\"text-align: justify;\"> \tLa superficie territorial de la parroquia es de 51.40 kil\u00f3metros cuadrados, seg\u00fan lo establece el Municipio de Portoviejo.<\/p>\n<p style=\"text-align: justify;\"> \t<strong>LOCALIZACI\u00d3N GEOREFERENCIADA<\/strong><\/p>\n<p style=\"text-align: justify;\"> \tLatitud E 0577169, Longitud N 9891362 y a 160 metros sobre el nivel del mar.<\/p>\n<p style=\"text-align: justify;\"> \t<strong>L\u00cdMITES.<\/strong><\/p>\n<p style=\"text-align: justify;\"> \tAl norte: Con los cantones Rocafuerte y Jun\u00edn<\/p>\n<p style=\"text-align: justify;\"> \tAl sur: Con la parroquia Abd\u00f3n Calder\u00f3n<\/p>\n<p style=\"text-align: justify;\"> \tAl este: Con el cant\u00f3n Jun\u00edn y la parroquia Abd\u00f3n Calder\u00f3n<\/p>\n<p style=\"text-align: justify;\"> \tAl Oeste: Con la parroquia Rio Chico.<\/p>\n<p style=\"text-align: justify;\"> \t&nbsp;<\/p>\n<p> \t<strong><em>TEMPERATURA.<\/em><\/strong><\/p>\n<p> \t<em>La temperatura promedio es de 28 grados Cent\u00edgrados (82 grados Farengei)<\/em><\/p>\n<p> \t<strong><em>PRECIPITACI\u00d3N ANUAL.<\/em><\/strong><\/p>\n<p> \t<em>La precipitaci\u00f3n anual en la parroquia se sit\u00faa entre los 500 y 1000 mm.<\/em><\/p>\n<p> \t<strong><em>PRINCIPALES HITOS HIST\u00d3RICOS.<\/em><\/strong><\/p>\n<p align=\"center\"> \t<img fetchpriority=\"high\" decoding=\"async\" class=\" size-full wp-image-105\" alt=\"\" src=\"http:\/\/gadpueblonuevo.gob.ec\/manabi\/wp-content\/uploads\/2011\/10\/historia.png\" style=\"width: 369px; height: 198px;\" width=\"369\" height=\"198\" srcset=\"https:\/\/gadpueblonuevo.gob.ec\/manabi\/wp-content\/uploads\/2011\/10\/historia.png 369w, https:\/\/gadpueblonuevo.gob.ec\/manabi\/wp-content\/uploads\/2011\/10\/historia-300x160.png 300w\" sizes=\"(max-width: 369px) 100vw, 369px\" \/><\/p>\n<p> \t&nbsp;<\/p>\n<p> \t&nbsp;<\/p>\n<table align=\"left\" border=\"0\" cellpadding=\"0\" cellspacing=\"0\" style=\"width: 540px;\">\n<tbody>\n<tr>\n<td colspan=\"2\" width=\"149\">\n<p align=\"center\"> \t\t\t\t\t<strong>Periodo \/ A\u00f1os<\/strong><\/p>\n<\/td>\n<td width=\"302\">\n<p align=\"center\"> \t\t\t\t\t<strong>Principales actividades desarrolladas por las comunidades y por la Parroquia.<\/strong><\/p>\n<\/td>\n<td width=\"180\">\n<p align=\"center\"> \t\t\t\t\t<strong>Personajes &#8211; Nombre de la Instituci\u00f3n<\/strong><\/p>\n<\/td>\n<\/tr>\n<tr>\n<td colspan=\"2\" valign=\"top\" width=\"149\">\n<p> \t\t\t\t\t&nbsp;<\/p>\n<\/td>\n<td valign=\"top\" width=\"302\">\n<p> \t\t\t\t\t&nbsp;<\/p>\n<\/td>\n<td valign=\"top\" width=\"180\">\n<p> \t\t\t\t\t&nbsp;<\/p>\n<\/td>\n<\/tr>\n<tr>\n<td colspan=\"2\" valign=\"top\" width=\"149\">\n<p> \t\t\t\t\t&nbsp;<\/p>\n<\/td>\n<td valign=\"top\" width=\"302\">\n<p> \t\t\t\t\t&nbsp;<\/p>\n<\/td>\n<td valign=\"top\" width=\"180\">\n<p> \t\t\t\t\t&nbsp;<\/p>\n<\/td>\n<\/tr>\n<tr>\n<td colspan=\"4\" valign=\"top\" width=\"631\">\n<p> \t\t\t\t\t<strong>COMUNIDAD LA TABLADA DEL TIGRE<\/strong><\/p>\n<\/td>\n<\/tr>\n<tr>\n<td colspan=\"2\" valign=\"top\" width=\"149\">\n<p> \t\t\t\t\t1986<\/p>\n<\/td>\n<td valign=\"top\" width=\"302\">\n<p> \t\t\t\t\tPrimeros pobladores del sector<\/p>\n<\/td>\n<td valign=\"top\" width=\"180\">\n<p> \t\t\t\t\tRafael S\u00e1nchez<\/p>\n<\/td>\n<\/tr>\n<tr>\n<td colspan=\"2\" valign=\"top\" width=\"149\">\n<p> \t\t\t\t\t1991<\/p>\n<\/td>\n<td valign=\"top\" width=\"302\">\n<p> \t\t\t\t\tInstalaci\u00f3n del servicio de Energ\u00eda El\u00e9ctrica<\/p>\n<\/td>\n<td valign=\"top\" width=\"180\">\n<p> \t\t\t\t\tEMPRESA ELECTRICA DE MANABI<\/p>\n<\/td>\n<\/tr>\n<tr>\n<td colspan=\"2\" valign=\"top\" width=\"149\">\n<p> \t\t\t\t\t1996<\/p>\n<\/td>\n<td valign=\"top\" width=\"302\">\n<p> \t\t\t\t\tFundaci\u00f3n de la escuela IndeliraCobe\u00f1a<\/p>\n<\/td>\n<td valign=\"top\" width=\"180\">\n<p> \t\t\t\t\tMINISTERIO DE EDUCACION- COMUNIDAD<\/p>\n<\/td>\n<\/tr>\n<tr>\n<td colspan=\"2\" valign=\"top\" width=\"149\">\n<p> \t\t\t\t\t1998<\/p>\n<\/td>\n<td valign=\"top\" width=\"302\">\n<p> \t\t\t\t\tLa comunidad es afectada por el fen\u00f3meno clim\u00e1tico El Ni\u00f1o.<\/p>\n<\/td>\n<td valign=\"top\" width=\"180\">\n<p> \t\t\t\t\t&nbsp;<\/p>\n<\/td>\n<\/tr>\n<tr>\n<td colspan=\"4\" valign=\"top\" width=\"631\">\n<p> \t\t\t\t\t<strong>COMUNIDAD EL CERRO<\/strong><\/p>\n<\/td>\n<\/tr>\n<tr>\n<td colspan=\"2\" valign=\"top\" width=\"149\">\n<p> \t\t\t\t\t1930-1940<\/p>\n<\/td>\n<td valign=\"top\" width=\"302\">\n<p> \t\t\t\t\tPrimeros pobladores del sector.<\/p>\n<\/td>\n<td valign=\"top\" width=\"180\">\n<p> \t\t\t\t\tUlbio Navia \u2013 Jose Mendoza, Emilio Meza, Antol\u00edn Romero, Nicasio Bravo.<\/p>\n<\/td>\n<\/tr>\n<tr>\n<td colspan=\"2\" valign=\"top\" width=\"149\">\n<p> \t\t\t\t\t1950<\/p>\n<\/td>\n<td valign=\"top\" width=\"302\">\n<p> \t\t\t\t\tCreaci\u00f3n de la escuela \u201cMaria Nohem\u00ed Sol\u00f3rzano Barberan\u201d.<\/p>\n<\/td>\n<td valign=\"top\" width=\"180\">\n<p> \t\t\t\t\tJuan Pio, Mendoza, Rafael S\u00e1nchez, por gesti\u00f3n de Ulbio Navia<\/p>\n<\/td>\n<\/tr>\n<tr>\n<td colspan=\"2\" valign=\"top\" width=\"149\">\n<p> \t\t\t\t\t1996<\/p>\n<\/td>\n<td valign=\"top\" width=\"302\">\n<p> \t\t\t\t\tCreaci\u00f3n de la Organizaci\u00f3n del Seguro Social Campesino<\/p>\n<\/td>\n<td valign=\"top\" width=\"180\">\n<p> \t\t\t\t\tIESS<\/p>\n<\/td>\n<\/tr>\n<tr>\n<td colspan=\"2\" valign=\"top\" width=\"149\">\n<p> \t\t\t\t\t1996<\/p>\n<\/td>\n<td valign=\"top\" width=\"302\">\n<p> \t\t\t\t\tCreaci\u00f3n del Club Nuevas&nbsp; Estrellas<\/p>\n<\/td>\n<td valign=\"top\" width=\"180\">\n<p> \t\t\t\t\t&nbsp;<\/p>\n<\/td>\n<\/tr>\n<tr>\n<td colspan=\"2\" valign=\"top\" width=\"149\">\n<p> \t\t\t\t\t2002<\/p>\n<\/td>\n<td valign=\"top\" width=\"302\">\n<p> \t\t\t\t\tConstrucci\u00f3n de nueva aula escolar<\/p>\n<\/td>\n<td valign=\"top\" width=\"180\">\n<p> \t\t\t\t\tMunicipio de Jun\u00edn<\/p>\n<\/td>\n<\/tr>\n<tr>\n<td colspan=\"2\" valign=\"top\" width=\"149\">\n<p> \t\t\t\t\t2005<\/p>\n<\/td>\n<td valign=\"top\" width=\"302\">\n<p> \t\t\t\t\tConstrucci\u00f3n de la cancha<\/p>\n<\/td>\n<td valign=\"top\" width=\"180\">\n<p> \t\t\t\t\tLuis Mendoza Giler<\/p>\n<p> \t\t\t\t\tMunicipio de Jun\u00edn<\/p>\n<\/td>\n<\/tr>\n<tr>\n<td colspan=\"2\" valign=\"top\" width=\"149\">\n<p> \t\t\t\t\t2005<\/p>\n<\/td>\n<td valign=\"top\" width=\"302\">\n<p> \t\t\t\t\tConstrucci\u00f3n del reservorio para el sistema de agua entubada<\/p>\n<\/td>\n<td valign=\"top\" width=\"180\">\n<p> \t\t\t\t\tMunicipio de Jun\u00edn &#8211; MIDUVI<\/p>\n<\/td>\n<\/tr>\n<tr>\n<td colspan=\"2\" valign=\"top\" width=\"149\">\n<p> \t\t\t\t\t2005<\/p>\n<\/td>\n<td valign=\"top\" width=\"302\">\n<p> \t\t\t\t\tJunta de agua potable<\/p>\n<\/td>\n<td valign=\"top\" width=\"180\">\n<p> \t\t\t\t\t&nbsp;<\/p>\n<\/td>\n<\/tr>\n<tr>\n<td colspan=\"2\" valign=\"top\" width=\"149\">\n<p> \t\t\t\t\t&nbsp;<\/p>\n<\/td>\n<td valign=\"top\" width=\"302\">\n<p> \t\t\t\t\tComit\u00e9 del Seguro Social Campesino<\/p>\n<\/td>\n<td valign=\"top\" width=\"180\">\n<p> \t\t\t\t\t&nbsp;<\/p>\n<\/td>\n<\/tr>\n<tr>\n<td colspan=\"2\" valign=\"top\" width=\"149\">\n<p> \t\t\t\t\t&nbsp;<\/p>\n<\/td>\n<td valign=\"top\" width=\"302\">\n<p> \t\t\t\t\tCreaci\u00f3n del CNH El Cerro<\/p>\n<\/td>\n<td valign=\"top\" width=\"180\">\n<p> \t\t\t\t\t&nbsp;<\/p>\n<\/td>\n<\/tr>\n<tr>\n<td colspan=\"4\" valign=\"top\" width=\"631\">\n<p> \t\t\t\t\t<strong>COMUNIDAD SANTA ROSA<\/strong><\/p>\n<\/td>\n<\/tr>\n<tr>\n<td colspan=\"2\" valign=\"top\" width=\"149\">\n<p> \t\t\t\t\t1980<\/p>\n<\/td>\n<td valign=\"top\" width=\"302\">\n<p> \t\t\t\t\tDesde hace 30 a\u00f1os se celebra la fiesta patronal de la virgen Santa Rosa<\/p>\n<\/td>\n<td valign=\"top\" width=\"180\">\n<p> \t\t\t\t\tPARROQUIA CRISTIANA- COMUNIDAD<\/p>\n<\/td>\n<\/tr>\n<tr>\n<td colspan=\"2\" valign=\"top\" width=\"149\">\n<p> \t\t\t\t\t1998<\/p>\n<\/td>\n<td valign=\"top\" width=\"302\">\n<p> \t\t\t\t\tLa comunidad fue afectada por el fen\u00f3meno clim\u00e1tico El Ni\u00f1o, se inundo la zona, se perdieron tres casas.<\/p>\n<\/td>\n<td valign=\"top\" width=\"180\">\n<p> \t\t\t\t\t&nbsp;<\/p>\n<\/td>\n<\/tr>\n<tr>\n<td colspan=\"2\" valign=\"top\" width=\"149\">\n<p> \t\t\t\t\t2006<\/p>\n<\/td>\n<td valign=\"top\" width=\"302\">\n<p> \t\t\t\t\tDotaci\u00f3n de agua entubada, la toman de las pe\u00f1as<\/p>\n<\/td>\n<td valign=\"top\" width=\"180\">\n<p> \t\t\t\t\tCRM y Comunidad<\/p>\n<\/td>\n<\/tr>\n<tr>\n<td colspan=\"2\" valign=\"top\" width=\"149\">\n<p> \t\t\t\t\t&nbsp;<\/p>\n<\/td>\n<td valign=\"top\" width=\"302\">\n<p> \t\t\t\t\tCreaci\u00f3n de la Junta de Agua Santa Rosa<\/p>\n<\/td>\n<td valign=\"top\" width=\"180\">\n<p> \t\t\t\t\t&nbsp;<\/p>\n<\/td>\n<\/tr>\n<tr>\n<td colspan=\"4\" valign=\"top\" width=\"631\">\n<p> \t\t\t\t\t<strong>COMUNIDAD LA MAJAGUA<\/strong><\/p>\n<\/td>\n<\/tr>\n<tr>\n<td colspan=\"2\" valign=\"top\" width=\"149\">\n<p> \t\t\t\t\t1958<\/p>\n<\/td>\n<td valign=\"top\" width=\"302\">\n<p> \t\t\t\t\tConstrucci\u00f3n de la escuela Francisco Flor Cede\u00f1o<\/p>\n<\/td>\n<td valign=\"top\" width=\"180\">\n<p> \t\t\t\t\tJacinto Loor \u2013 Roque Far\u00edas- Juan de Dios Meza- Arsenio Cede\u00f1o- Manuel V\u00e9lez- Manuel Avila- Sergio Palacios<\/p>\n<\/td>\n<\/tr>\n<tr>\n<td colspan=\"2\" valign=\"top\" width=\"149\">\n<p> \t\t\t\t\t1970<\/p>\n<\/td>\n<td valign=\"top\" width=\"302\">\n<p> \t\t\t\t\tCreaci\u00f3n de la Junta de Agua La Majagua<\/p>\n<\/td>\n<td valign=\"top\" width=\"180\">\n<p> \t\t\t\t\t&nbsp;<\/p>\n<\/td>\n<\/tr>\n<tr>\n<td colspan=\"2\" valign=\"top\" width=\"149\">\n<p> \t\t\t\t\t1987<\/p>\n<\/td>\n<td valign=\"top\" width=\"302\">\n<p> \t\t\t\t\tCreaci\u00f3n del Club Social Cultural&nbsp; La Majagua<\/p>\n<\/td>\n<td valign=\"top\" width=\"180\">\n<p> \t\t\t\t\tManuel Ch\u00e1vez- Enrique Palacios-&nbsp; O rfelina S\u00e1nchez<\/p>\n<\/td>\n<\/tr>\n<tr>\n<td colspan=\"2\" valign=\"top\" width=\"149\">\n<p> \t\t\t\t\t1996<\/p>\n<\/td>\n<td valign=\"top\" width=\"302\">\n<p> \t\t\t\t\tCreaci\u00f3n de la Asociaci\u00f3n de Trabajadores Agr\u00edcolas Luchemos Juntos<\/p>\n<\/td>\n<td valign=\"top\" width=\"180\">\n<p> \t\t\t\t\tManuel Ch\u00e1vez- Enrique Palacios- Juan Meza- Cecilia Gorozabel- Eulogio Vega \u2013 Delf\u00edn Meza<\/p>\n<\/td>\n<\/tr>\n<tr>\n<td colspan=\"2\" valign=\"top\" width=\"149\">\n<p> \t\t\t\t\t2004<\/p>\n<\/td>\n<td valign=\"top\" width=\"302\">\n<p> \t\t\t\t\tCreaci\u00f3n de la funeraria Coraz\u00f3n de Jes\u00fas<\/p>\n<\/td>\n<td valign=\"top\" width=\"180\">\n<p> \t\t\t\t\tPastor Loor- Modesto Palacios \u2013 Servulo Intriago<\/p>\n<\/td>\n<\/tr>\n<tr>\n<td colspan=\"2\" valign=\"top\" width=\"149\">\n<p> \t\t\t\t\t&nbsp;<\/p>\n<\/td>\n<td valign=\"top\" width=\"302\">\n<p> \t\t\t\t\tAsociaci\u00f3n del Seguro Social Campesino.<\/p>\n<\/td>\n<td valign=\"top\" width=\"180\">\n<p> \t\t\t\t\t&nbsp;<\/p>\n<\/td>\n<\/tr>\n<tr>\n<td colspan=\"4\" valign=\"top\" width=\"631\">\n<p> \t\t\t\t\t<strong>COMUNIDAD CAJA FUEGO<\/strong><\/p>\n<\/td>\n<\/tr>\n<tr>\n<td colspan=\"2\" valign=\"top\" width=\"149\">\n<p> \t\t\t\t\t1925<\/p>\n<\/td>\n<td valign=\"top\" width=\"302\">\n<p> \t\t\t\t\tLlegaron los primeros habitantes, seg\u00fan los asistentes al taller la comunidad lleva el nombre Caja fuego, porque en el sector hab\u00edan las casas o madres de este tipo de avispas<\/p>\n<\/td>\n<td valign=\"top\" width=\"180\">\n<p> \t\t\t\t\tTargelioP\u00e1rraga<\/p>\n<p> \t\t\t\t\tSanta Bravo<\/p>\n<p> \t\t\t\t\tRam\u00f3n Caicedo<\/p>\n<\/td>\n<\/tr>\n<tr>\n<td colspan=\"2\" valign=\"top\" width=\"149\">\n<p> \t\t\t\t\t1996<\/p>\n<\/td>\n<td valign=\"top\" width=\"302\">\n<p> \t\t\t\t\tCreaci\u00f3n de la escuela \u201cJose Peralta\u201d<\/p>\n<\/td>\n<td valign=\"top\" width=\"180\">\n<p> \t\t\t\t\tMunicipio<\/p>\n<\/td>\n<\/tr>\n<tr>\n<td colspan=\"2\" valign=\"top\" width=\"149\">\n<p> \t\t\t\t\t2001<\/p>\n<\/td>\n<td valign=\"top\" width=\"302\">\n<p> \t\t\t\t\tInstalaci\u00f3n de la energ\u00eda el\u00e9ctrica<\/p>\n<\/td>\n<td valign=\"top\" width=\"180\">\n<p> \t\t\t\t\tCNEL<\/p>\n<\/td>\n<\/tr>\n<tr>\n<td colspan=\"2\" valign=\"top\" width=\"149\">\n<p> \t\t\t\t\t2004<\/p>\n<\/td>\n<td valign=\"top\" width=\"302\">\n<p> \t\t\t\t\tEmpedrado del camino<\/p>\n<\/td>\n<td valign=\"top\" width=\"180\">\n<p> \t\t\t\t\tConsejo Provincial<\/p>\n<\/td>\n<\/tr>\n<tr>\n<td colspan=\"2\" valign=\"top\" width=\"149\">\n<p> \t\t\t\t\t&nbsp;<\/p>\n<\/td>\n<td valign=\"top\" width=\"302\">\n<p> \t\t\t\t\tCreaci\u00f3n del Club Social Cultural y Deportivo 25 de Junio<\/p>\n<\/td>\n<td valign=\"top\" width=\"180\">\n<p> \t\t\t\t\t&nbsp;<\/p>\n<\/td>\n<\/tr>\n<tr>\n<td colspan=\"2\" valign=\"top\" width=\"149\">\n<p> \t\t\t\t\t&nbsp;<\/p>\n<\/td>\n<td valign=\"top\" width=\"302\">\n<p> \t\t\t\t\tAsociaci\u00f3n de Mortuoria 25 de Junio<\/p>\n<\/td>\n<td valign=\"top\" width=\"180\">\n<p> \t\t\t\t\t&nbsp;<\/p>\n<\/td>\n<\/tr>\n<tr>\n<td colspan=\"4\" valign=\"top\" width=\"631\">\n<p> \t\t\t\t\t<strong>COMUNIDAD LOS NARANJOS<\/strong><\/p>\n<\/td>\n<\/tr>\n<tr>\n<td colspan=\"2\" valign=\"top\" width=\"149\">\n<p> \t\t\t\t\t1992<\/p>\n<\/td>\n<td valign=\"top\" width=\"302\">\n<p> \t\t\t\t\tCreaci\u00f3n de la Escuela de Futbol Eugenio S\u00e1nchez Cede\u00f1o.<\/p>\n<\/td>\n<td valign=\"top\" width=\"180\">\n<p> \t\t\t\t\t&nbsp;<\/p>\n<\/td>\n<\/tr>\n<tr>\n<td colspan=\"2\" valign=\"top\" width=\"149\">\n<p> \t\t\t\t\t&nbsp;<\/p>\n<\/td>\n<td valign=\"top\" width=\"302\">\n<p> \t\t\t\t\tAsociaci\u00f3n de Agricultores Nuestra Se\u00f1ora de Guadalupe<\/p>\n<\/td>\n<td valign=\"top\" width=\"180\">\n<p> \t\t\t\t\t&nbsp;<\/p>\n<\/td>\n<\/tr>\n<tr>\n<td colspan=\"2\" valign=\"top\" width=\"149\">\n<p> \t\t\t\t\t1995<\/p>\n<\/td>\n<td valign=\"top\" width=\"302\">\n<p> \t\t\t\t\tCreaci\u00f3n del Comit\u00e9 23 de Septiembre<\/p>\n<\/td>\n<td valign=\"top\" width=\"180\">\n<p> \t\t\t\t\t&nbsp;<\/p>\n<\/td>\n<\/tr>\n<tr>\n<td colspan=\"2\" valign=\"top\" width=\"149\">\n<p> \t\t\t\t\t&nbsp;<\/p>\n<\/td>\n<td valign=\"top\" width=\"302\">\n<p> \t\t\t\t\tConsejo econ\u00f3mico de la Capilla Nuestra Se\u00f1ora de Guadalupe<\/p>\n<\/td>\n<td valign=\"top\" width=\"180\">\n<p> \t\t\t\t\t&nbsp;<\/p>\n<\/td>\n<\/tr>\n<tr>\n<td colspan=\"4\" valign=\"top\" width=\"631\">\n<p> \t\t\t\t\t<strong>COMUNIDAD LOS LAURELES<\/strong><\/p>\n<\/td>\n<\/tr>\n<tr>\n<td colspan=\"2\" valign=\"top\" width=\"149\">\n<p> \t\t\t\t\t1950<\/p>\n<\/td>\n<td valign=\"top\" width=\"302\">\n<p> \t\t\t\t\tCreaci\u00f3n de la Escuela Winstong&nbsp; Moreira Pisco<\/p>\n<\/td>\n<td valign=\"top\" width=\"180\">\n<p> \t\t\t\t\tHugo Mendoza Molina<\/p>\n<\/td>\n<\/tr>\n<tr>\n<td colspan=\"2\" valign=\"top\" width=\"149\">\n<p> \t\t\t\t\t1986<\/p>\n<\/td>\n<td valign=\"top\" width=\"302\">\n<p> \t\t\t\t\tConformaci\u00f3n del comit\u00e9 pro mejoras de la capilla<\/p>\n<\/td>\n<td valign=\"top\" width=\"180\">\n<p> \t\t\t\t\t&nbsp;<\/p>\n<\/td>\n<\/tr>\n<tr>\n<td colspan=\"2\" valign=\"top\" width=\"149\">\n<p> \t\t\t\t\t1996<\/p>\n<\/td>\n<td valign=\"top\" width=\"302\">\n<p> \t\t\t\t\tConstrucci\u00f3n de la capilla Virgen La Dolorosa<\/p>\n<\/td>\n<td valign=\"top\" width=\"180\">\n<p> \t\t\t\t\tManuel Ch\u00e1vez &#8211; Padre Luis Piana &#8211; Sra. Genit Vera<\/p>\n<\/td>\n<\/tr>\n<tr>\n<td colspan=\"2\" valign=\"top\" width=\"149\">\n<p> \t\t\t\t\t2001<\/p>\n<\/td>\n<td valign=\"top\" width=\"302\">\n<p> \t\t\t\t\tConstrucci\u00f3n del puente<\/p>\n<\/td>\n<td valign=\"top\" width=\"180\">\n<p> \t\t\t\t\tManuel Ch\u00e1vez &#8211; La comunidad<\/p>\n<\/td>\n<\/tr>\n<tr>\n<td colspan=\"2\" valign=\"top\" width=\"149\">\n<p> \t\t\t\t\t2005<\/p>\n<\/td>\n<td valign=\"top\" width=\"302\">\n<p> \t\t\t\t\tCreaci\u00f3n del Comit\u00e9 de Damas 17 de Marzo<\/p>\n<\/td>\n<td valign=\"top\" width=\"180\">\n<p> \t\t\t\t\t&nbsp;<\/p>\n<\/td>\n<\/tr>\n<tr>\n<td colspan=\"2\" valign=\"top\" width=\"149\">\n<p> \t\t\t\t\t2006<\/p>\n<\/td>\n<td valign=\"top\" width=\"302\">\n<p> \t\t\t\t\tReapertura de la escuela que estuvo sin funcionar durante ocho a\u00f1os<\/p>\n<\/td>\n<td valign=\"top\" width=\"180\">\n<p> \t\t\t\t\tF\u00e9lix Alcivar \u2013 Patricio Roca-&nbsp; Jes\u00fas Vera \u2013 Blanca Palacios- Luis Tuarez. La Comunidad.<\/p>\n<\/td>\n<\/tr>\n<tr>\n<td colspan=\"2\" valign=\"top\" width=\"149\">\n<p> \t\t\t\t\t2010<\/p>\n<\/td>\n<td valign=\"top\" width=\"302\">\n<p> \t\t\t\t\tReconstrucci\u00f3n de la escuela<\/p>\n<\/td>\n<td valign=\"top\" width=\"180\">\n<p> \t\t\t\t\tDINSE &#8211; Patricio Roca<\/p>\n<\/td>\n<\/tr>\n<tr>\n<td colspan=\"2\" valign=\"top\" width=\"149\">\n<p> \t\t\t\t\t&nbsp;<\/p>\n<\/td>\n<td valign=\"top\" width=\"302\">\n<p> \t\t\t\t\tFuncionamiento del CNH Amiguitos<\/p>\n<\/td>\n<td valign=\"top\" width=\"180\">\n<p> \t\t\t\t\t&nbsp;<\/p>\n<\/td>\n<\/tr>\n<tr>\n<td colspan=\"4\" valign=\"top\" width=\"631\">\n<p> \t\t\t\t\t<strong>COMUNIDAD TIERRA DURA<\/strong><\/p>\n<\/td>\n<\/tr>\n<tr>\n<td colspan=\"2\" valign=\"top\" width=\"149\">\n<p> \t\t\t\t\t1951<\/p>\n<\/td>\n<td valign=\"top\" width=\"302\">\n<p> \t\t\t\t\tLa comunidad pertenec\u00eda a Rio Chico<\/p>\n<\/td>\n<td valign=\"top\" width=\"180\">\n<p> \t\t\t\t\tEloy Sol\u00f3rzano- Tiburcio Palacios- JoseCobe\u00f1a<\/p>\n<\/td>\n<\/tr>\n<tr>\n<td colspan=\"2\" valign=\"top\" width=\"149\">\n<p> \t\t\t\t\t2001<\/p>\n<\/td>\n<td valign=\"top\" width=\"302\">\n<p> \t\t\t\t\tCreaci\u00f3n del Comit\u00e9 Pro Mejoras San Ram\u00f3n<\/p>\n<\/td>\n<td valign=\"top\" width=\"180\">\n<p> \t\t\t\t\t&nbsp;<\/p>\n<\/td>\n<\/tr>\n<tr>\n<td colspan=\"2\" valign=\"top\" width=\"149\">\n<p> \t\t\t\t\t2001<\/p>\n<\/td>\n<td valign=\"top\" width=\"302\">\n<p> \t\t\t\t\tGrupo mortuoria Nuevos Horizontes<\/p>\n<\/td>\n<td valign=\"top\" width=\"180\">\n<p> \t\t\t\t\t&nbsp;<\/p>\n<\/td>\n<\/tr>\n<tr>\n<td colspan=\"2\" valign=\"top\" width=\"149\">\n<p> \t\t\t\t\t2002<\/p>\n<\/td>\n<td valign=\"top\" width=\"302\">\n<p> \t\t\t\t\tJunta de Agua Tierra Dura<\/p>\n<\/td>\n<td valign=\"top\" width=\"180\">\n<p> \t\t\t\t\t&nbsp;<\/p>\n<\/td>\n<\/tr>\n<tr>\n<td colspan=\"2\" valign=\"top\" width=\"149\">\n<p> \t\t\t\t\t2005<\/p>\n<\/td>\n<td valign=\"top\" width=\"302\">\n<p> \t\t\t\t\tCreaci\u00f3n del Club Social Cultural y Deportivo 25 de Octubre<\/p>\n<\/td>\n<td valign=\"top\" width=\"180\">\n<p> \t\t\t\t\tMIES &#8211; COMUNIDAD<\/p>\n<\/td>\n<\/tr>\n<tr>\n<td colspan=\"2\" valign=\"top\" width=\"149\">\n<p> \t\t\t\t\t2009-2010<\/p>\n<\/td>\n<td valign=\"top\" width=\"302\">\n<p> \t\t\t\t\tPrograma de alfabetizaci\u00f3n<\/p>\n<\/td>\n<td valign=\"top\" width=\"180\">\n<p> \t\t\t\t\tMINISTERIO DE EDUCACION<\/p>\n<\/td>\n<\/tr>\n<tr>\n<td colspan=\"2\" valign=\"top\" width=\"149\">\n<p> \t\t\t\t\t2010<\/p>\n<\/td>\n<td valign=\"top\" width=\"302\">\n<p> \t\t\t\t\tPrograma N\u00fatrete Ecuador para las personas de la tercer edad, ni\u00f1os de 3 a 6 a\u00f1os y discapacitados<\/p>\n<\/td>\n<td valign=\"top\" width=\"180\">\n<p> \t\t\t\t\tMIES<\/p>\n<\/td>\n<\/tr>\n<tr>\n<td colspan=\"2\" valign=\"top\" width=\"149\">\n<p> \t\t\t\t\t2011<\/p>\n<\/td>\n<td valign=\"top\" width=\"302\">\n<p> \t\t\t\t\tMejoramiento de la v\u00eda<\/p>\n<\/td>\n<td valign=\"top\" width=\"180\">\n<p> \t\t\t\t\tPORTA<\/p>\n<\/td>\n<\/tr>\n<tr>\n<td colspan=\"4\" valign=\"top\" width=\"631\">\n<p> \t\t\t\t\t<strong>COMUNIDAD PALO QUEMADO<\/strong><\/p>\n<\/td>\n<\/tr>\n<tr>\n<td colspan=\"2\" valign=\"top\" width=\"149\">\n<p> \t\t\t\t\t&nbsp;<\/p>\n<\/td>\n<td valign=\"top\" width=\"302\">\n<p> \t\t\t\t\t&nbsp;<\/p>\n<\/td>\n<td valign=\"top\" width=\"180\">\n<p> \t\t\t\t\t&nbsp;<\/p>\n<\/td>\n<\/tr>\n<tr>\n<td colspan=\"2\" valign=\"top\" width=\"149\">\n<p> \t\t\t\t\t&nbsp;<\/p>\n<\/td>\n<td valign=\"top\" width=\"302\">\n<p> \t\t\t\t\t&nbsp;<\/p>\n<\/td>\n<td valign=\"top\" width=\"180\">\n<p> \t\t\t\t\t&nbsp;<\/p>\n<\/td>\n<\/tr>\n<tr>\n<td colspan=\"2\" valign=\"top\" width=\"149\">\n<p> \t\t\t\t\t1950<\/p>\n<\/td>\n<td valign=\"top\" width=\"302\">\n<p> \t\t\t\t\tHace 60 a\u00f1os llegaron los primeros habitantes<\/p>\n<\/td>\n<td valign=\"top\" width=\"180\">\n<p> \t\t\t\t\tMiguel Basurto &#8211; Ad\u00e1n Vera<\/p>\n<\/td>\n<\/tr>\n<tr>\n<td colspan=\"2\" valign=\"top\" width=\"149\">\n<p> \t\t\t\t\t1976<\/p>\n<\/td>\n<td valign=\"top\" width=\"302\">\n<p> \t\t\t\t\tInstalaci\u00f3n de la energ\u00eda el\u00e9ctrica<\/p>\n<\/td>\n<td valign=\"top\" width=\"180\">\n<p> \t\t\t\t\t&nbsp;<\/p>\n<\/td>\n<\/tr>\n<tr>\n<td colspan=\"2\" valign=\"top\" width=\"149\">\n<p> \t\t\t\t\t1980<\/p>\n<\/td>\n<td valign=\"top\" width=\"302\">\n<p> \t\t\t\t\tCreaci\u00f3n del colegio T\u00e9cnico Nacional Pueblo Nuevo<\/p>\n<\/td>\n<td valign=\"top\" width=\"180\">\n<p> \t\t\t\t\tMinisterio de Educacion<\/p>\n<\/td>\n<\/tr>\n<tr>\n<td colspan=\"2\" valign=\"top\" width=\"149\">\n<p> \t\t\t\t\t1983<\/p>\n<\/td>\n<td valign=\"top\" width=\"302\">\n<p> \t\t\t\t\tCreaci\u00f3n del Club Social Cultural y Deportivo 22 de Mayo<\/p>\n<\/td>\n<td valign=\"top\" width=\"180\">\n<p> \t\t\t\t\t&nbsp;<\/p>\n<\/td>\n<\/tr>\n<tr>\n<td colspan=\"2\" valign=\"top\" width=\"149\">\n<p> \t\t\t\t\t1998<\/p>\n<\/td>\n<td valign=\"top\" width=\"302\">\n<p> \t\t\t\t\tEl Fen\u00f3meno clim\u00e1tico El Ni\u00f1o causo destrozos y p\u00e9rdida de vidas humanas<\/p>\n<\/td>\n<td valign=\"top\" width=\"180\">\n<p> \t\t\t\t\t&nbsp;<\/p>\n<\/td>\n<\/tr>\n<tr>\n<td colspan=\"2\" valign=\"top\" width=\"149\">\n<p> \t\t\t\t\t1998<\/p>\n<\/td>\n<td valign=\"top\" width=\"302\">\n<p> \t\t\t\t\tAsociaci\u00f3n de Damas 17 de Septiembre<\/p>\n<\/td>\n<td valign=\"top\" width=\"180\">\n<p> \t\t\t\t\t&nbsp;<\/p>\n<\/td>\n<\/tr>\n<tr>\n<td colspan=\"2\" valign=\"top\" width=\"149\">\n<p> \t\t\t\t\t&nbsp;<\/p>\n<\/td>\n<td valign=\"top\" width=\"302\">\n<p> \t\t\t\t\tCNH Pueblo Nuevo 2<\/p>\n<\/td>\n<td valign=\"top\" width=\"180\">\n<p> \t\t\t\t\t&nbsp;<\/p>\n<\/td>\n<\/tr>\n<tr>\n<td colspan=\"4\" valign=\"top\" width=\"631\">\n<p> \t\t\t\t\t<strong>COMUNIDAD EL GRAMAL<\/strong><\/p>\n<\/td>\n<\/tr>\n<tr>\n<td colspan=\"2\" valign=\"top\" width=\"149\">\n<p> \t\t\t\t\t1984<\/p>\n<\/td>\n<td valign=\"top\" width=\"302\">\n<p> \t\t\t\t\tFuncionamiento de la Escuela Fiscal Mixta Miguel \u00c1ngel Fern\u00e1ndez C\u00f3rdova<\/p>\n<\/td>\n<td valign=\"top\" width=\"180\">\n<p> \t\t\t\t\tMINISTERIO DE EDUCACION- COMUNIDAD<\/p>\n<\/td>\n<\/tr>\n<tr>\n<td colspan=\"2\" valign=\"top\" width=\"149\">\n<p> \t\t\t\t\t2001<\/p>\n<\/td>\n<td valign=\"top\" width=\"302\">\n<p> \t\t\t\t\tConstrucci\u00f3n de sistema de agua<\/p>\n<\/td>\n<td valign=\"top\" width=\"180\">\n<p> \t\t\t\t\tPLAN<\/p>\n<\/td>\n<\/tr>\n<tr>\n<td colspan=\"2\" valign=\"top\" width=\"149\">\n<p> \t\t\t\t\t2010<\/p>\n<\/td>\n<td valign=\"top\" width=\"302\">\n<p> \t\t\t\t\tConstrucci\u00f3n de viviendas<\/p>\n<\/td>\n<td valign=\"top\" width=\"180\">\n<p> \t\t\t\t\tMIDUVI<\/p>\n<\/td>\n<\/tr>\n<tr>\n<td colspan=\"2\" valign=\"top\" width=\"149\">\n<p> \t\t\t\t\t2010<\/p>\n<\/td>\n<td valign=\"top\" width=\"302\">\n<p> \t\t\t\t\tConstrucci\u00f3n de la casa comunal<\/p>\n<\/td>\n<td valign=\"top\" width=\"180\">\n<p> \t\t\t\t\tGAD<\/p>\n<\/td>\n<\/tr>\n<tr>\n<td colspan=\"2\" valign=\"top\" width=\"149\">\n<p> \t\t\t\t\t2010<\/p>\n<\/td>\n<td valign=\"top\" width=\"302\">\n<p> \t\t\t\t\tApertura de caminos solo hasta la escuela<\/p>\n<\/td>\n<td valign=\"top\" width=\"180\">\n<p> \t\t\t\t\tConsejo Provincial<\/p>\n<\/td>\n<\/tr>\n<tr>\n<td colspan=\"2\" valign=\"top\" width=\"149\">\n<p> \t\t\t\t\t&nbsp;<\/p>\n<\/td>\n<td valign=\"top\" width=\"302\">\n<p> \t\t\t\t\tCreaci\u00f3n del comit\u00e9 Pro Mejoras El Gramal<\/p>\n<\/td>\n<td valign=\"top\" width=\"180\">\n<p> \t\t\t\t\t&nbsp;<\/p>\n<\/td>\n<\/tr>\n<tr>\n<td colspan=\"2\" valign=\"top\" width=\"149\">\n<p> \t\t\t\t\t&nbsp;<\/p>\n<\/td>\n<td valign=\"top\" width=\"302\">\n<p> \t\t\t\t\tComit\u00e9 del Seguro Social Campesino El Gramal<\/p>\n<\/td>\n<td valign=\"top\" width=\"180\">\n<p> \t\t\t\t\t&nbsp;<\/p>\n<\/td>\n<\/tr>\n<tr>\n<td colspan=\"2\" valign=\"top\" width=\"149\">\n<p> \t\t\t\t\t&nbsp;<\/p>\n<\/td>\n<td valign=\"top\" width=\"302\">\n<p> \t\t\t\t\tCreaci\u00f3n del Club Social Cultural Deportivo 4 de Noviembre<\/p>\n<\/td>\n<td valign=\"top\" width=\"180\">\n<p> \t\t\t\t\t&nbsp;<\/p>\n<\/td>\n<\/tr>\n<tr>\n<td colspan=\"2\" valign=\"top\" width=\"149\">\n<p> \t\t\t\t\t&nbsp;<\/p>\n<\/td>\n<td valign=\"top\" width=\"302\">\n<p> \t\t\t\t\tConstrucci\u00f3n de la Capilla de la Virgen de Monserrate<\/p>\n<\/td>\n<td valign=\"top\" width=\"180\">\n<p> \t\t\t\t\t&nbsp;<\/p>\n<\/td>\n<\/tr>\n<tr>\n<td colspan=\"2\" valign=\"top\" width=\"149\">\n<p> \t\t\t\t\t&nbsp;<\/p>\n<\/td>\n<td valign=\"top\" width=\"302\">\n<p> \t\t\t\t\tCreaci\u00f3n del CIVB&nbsp; Rayito de Luz<\/p>\n<\/td>\n<td valign=\"top\" width=\"180\">\n<p> \t\t\t\t\t&nbsp;<\/p>\n<\/td>\n<\/tr>\n<tr>\n<td colspan=\"2\" valign=\"top\" width=\"149\">\n<p> \t\t\t\t\t&nbsp;<\/p>\n<\/td>\n<td valign=\"top\" width=\"302\">\n<p> \t\t\t\t\tCreaci\u00f3n de CNH El Gramal<\/p>\n<\/td>\n<td valign=\"top\" width=\"180\">\n<p> \t\t\t\t\t&nbsp;<\/p>\n<\/td>\n<\/tr>\n<tr>\n<td colspan=\"2\" valign=\"top\" width=\"149\">\n<p> \t\t\t\t\t&nbsp;<\/p>\n<\/td>\n<td valign=\"top\" width=\"302\">\n<p> \t\t\t\t\tConformaci\u00f3n del Grupo Juvenil Sembrando Amistad<\/p>\n<\/td>\n<td valign=\"top\" width=\"180\">\n<p> \t\t\t\t\t&nbsp;<\/p>\n<\/td>\n<\/tr>\n<tr>\n<td colspan=\"4\" valign=\"top\" width=\"631\">\n<p> \t\t\t\t\t<strong>COMUNIDAD LOS TIGRES<\/strong><\/p>\n<\/td>\n<\/tr>\n<tr>\n<td colspan=\"2\" valign=\"top\" width=\"149\">\n<p> \t\t\t\t\t1880<\/p>\n<\/td>\n<td valign=\"top\" width=\"302\">\n<p> \t\t\t\t\tPrimeras familias llegan a poblar la comuna<\/p>\n<\/td>\n<td valign=\"top\" width=\"180\">\n<p> \t\t\t\t\tPedro MariaGarcia- Antonio Tuarez- familia Hern\u00e1ndez- Rosendo Tuarez- Fernando S\u00e1nchez.<\/p>\n<\/td>\n<\/tr>\n<tr>\n<td colspan=\"2\" valign=\"top\" width=\"149\">\n<p> \t\t\t\t\t1953<\/p>\n<\/td>\n<td valign=\"top\" width=\"302\">\n<p> \t\t\t\t\tCreaci\u00f3n de la escuela 12 de Octubre primer profesor. Publio Carranza<\/p>\n<\/td>\n<td valign=\"top\" width=\"180\">\n<p> \t\t\t\t\tClara Mendoza Bravo- Eloy Palacios- Luis Morales<\/p>\n<\/td>\n<\/tr>\n<tr>\n<td colspan=\"2\" valign=\"top\" width=\"149\">\n<p> \t\t\t\t\t1945<\/p>\n<\/td>\n<td valign=\"top\" width=\"302\">\n<p> \t\t\t\t\tConstrucci\u00f3n de la Capilla la Dolorosa<\/p>\n<\/td>\n<td valign=\"top\" width=\"180\">\n<p> \t\t\t\t\tClara Bravo- Alberto Mendoza<\/p>\n<\/td>\n<\/tr>\n<tr>\n<td colspan=\"2\" valign=\"top\" width=\"149\">\n<p> \t\t\t\t\t1972<\/p>\n<\/td>\n<td valign=\"top\" width=\"302\">\n<p> \t\t\t\t\tConstrucci\u00f3n de la Albarrada<\/p>\n<\/td>\n<td valign=\"top\" width=\"180\">\n<p> \t\t\t\t\tAlicia Zambrano<\/p>\n<\/td>\n<\/tr>\n<tr>\n<td colspan=\"2\" valign=\"top\" width=\"149\">\n<p> \t\t\t\t\t1989<\/p>\n<\/td>\n<td valign=\"top\" width=\"302\">\n<p> \t\t\t\t\tCreaci\u00f3n del Comit\u00e9 pro mejoras Los Tigres (Ac. M\u00edn. 01065 en acefalia)<\/p>\n<\/td>\n<td valign=\"top\" width=\"180\">\n<p> \t\t\t\t\tAlicia Zambrano<\/p>\n<\/td>\n<\/tr>\n<tr>\n<td colspan=\"2\" valign=\"top\" width=\"149\">\n<p> \t\t\t\t\t1995<\/p>\n<\/td>\n<td valign=\"top\" width=\"302\">\n<p> \t\t\t\t\tElectrificaci\u00f3n de la comunidad.<\/p>\n<\/td>\n<td valign=\"top\" width=\"180\">\n<p> \t\t\t\t\tAlicia Zambrano- Argimiro Garcia-&nbsp; On\u00e9simo Palacios<\/p>\n<\/td>\n<\/tr>\n<tr>\n<td colspan=\"2\" valign=\"top\" width=\"149\">\n<p> \t\t\t\t\t1996<\/p>\n<\/td>\n<td valign=\"top\" width=\"302\">\n<p> \t\t\t\t\tConstrucci\u00f3n de aulas escolares por el FISE<\/p>\n<\/td>\n<td valign=\"top\" width=\"180\">\n<p> \t\t\t\t\tAlicia Zambrano- Argimiro Garcia<\/p>\n<\/td>\n<\/tr>\n<tr>\n<td colspan=\"2\" valign=\"top\" width=\"149\">\n<p> \t\t\t\t\t2003<\/p>\n<\/td>\n<td valign=\"top\" width=\"302\">\n<p> \t\t\t\t\tConstrucci\u00f3n de cisterna para reservorio de agua GAD parroquial<\/p>\n<\/td>\n<td valign=\"top\" width=\"180\">\n<p> \t\t\t\t\tAlicia Zambrano- Argimiro Garcia<\/p>\n<\/td>\n<\/tr>\n<tr>\n<td colspan=\"2\" valign=\"top\" width=\"149\">\n<p> \t\t\t\t\t2008<\/p>\n<\/td>\n<td valign=\"top\" width=\"302\">\n<p> \t\t\t\t\tConstrucci\u00f3n de aula escolar por el DINSE<\/p>\n<\/td>\n<td valign=\"top\" width=\"180\">\n<p> \t\t\t\t\tAlicia Zambrano- Argimiro Garcia<\/p>\n<\/td>\n<\/tr>\n<tr>\n<td colspan=\"2\" valign=\"top\" width=\"149\">\n<p> \t\t\t\t\t2009<\/p>\n<\/td>\n<td valign=\"top\" width=\"302\">\n<p> \t\t\t\t\tConstrucci\u00f3n de puente por la prefectura ( Comunidad Los Tigres)<\/p>\n<\/td>\n<td valign=\"top\" width=\"180\">\n<p> \t\t\t\t\tAlicia Zambrano- Argimiro Garcia<\/p>\n<\/td>\n<\/tr>\n<tr>\n<td colspan=\"2\" valign=\"top\" width=\"149\">\n<p> \t\t\t\t\t&nbsp;<\/p>\n<\/td>\n<td valign=\"top\" width=\"302\">\n<p> \t\t\t\t\tAsociaci\u00f3n de participaci\u00f3n Social Los Tigres<\/p>\n<\/td>\n<td valign=\"top\" width=\"180\">\n<p> \t\t\t\t\t&nbsp;<\/p>\n<\/td>\n<\/tr>\n<tr>\n<td colspan=\"2\" valign=\"top\" width=\"149\">\n<p> \t\t\t\t\t&nbsp;<\/p>\n<\/td>\n<td valign=\"top\" width=\"302\">\n<p> \t\t\t\t\tCreaci\u00f3n del Fondo Mortuorio San Roque<\/p>\n<\/td>\n<td valign=\"top\" width=\"180\">\n<p> \t\t\t\t\t&nbsp;<\/p>\n<\/td>\n<\/tr>\n<tr>\n<td colspan=\"2\" valign=\"top\" width=\"149\">\n<p> \t\t\t\t\t&nbsp;<\/p>\n<\/td>\n<td valign=\"top\" width=\"302\">\n<p> \t\t\t\t\tCNH Los Tigres<\/p>\n<\/td>\n<td valign=\"top\" width=\"180\">\n<p> \t\t\t\t\t&nbsp;<\/p>\n<\/td>\n<\/tr>\n<tr>\n<td colspan=\"4\" valign=\"top\" width=\"631\">\n<p> \t\t\t\t\t<strong>CABECERA PARROQUIAL DE PUEBLO NUEVO<\/strong><\/p>\n<\/td>\n<\/tr>\n<tr>\n<td valign=\"top\" width=\"121\">\n<p> \t\t\t\t\t1952<\/p>\n<\/td>\n<td colspan=\"2\" valign=\"top\" width=\"331\">\n<p> \t\t\t\t\tEl Presidente Constitucional de la Republica vista la solicitud del Ilustre Concejo del Cant\u00f3n Portoviejo de que se apruebe la ordenanza dictada el 21 de Octubre de 1952, por lo que se eleva a la categor\u00eda de Parroquia Rural al Sitio Pueblo Nuevo.<\/p>\n<\/td>\n<td valign=\"top\" width=\"180\">\n<p> \t\t\t\t\tMunicipio<\/p>\n<\/td>\n<\/tr>\n<tr>\n<td valign=\"top\" width=\"121\">\n<p> \t\t\t\t\t&nbsp;<\/p>\n<\/td>\n<td colspan=\"2\" valign=\"top\" width=\"331\">\n<p> \t\t\t\t\tConstrucci\u00f3n de la iglesia San Roque<\/p>\n<\/td>\n<td valign=\"top\" width=\"180\">\n<p> \t\t\t\t\tP\u00e1rroco- Comunidad &#8211; Gobernaci\u00f3n<\/p>\n<\/td>\n<\/tr>\n<tr>\n<td valign=\"top\" width=\"121\">\n<p> \t\t\t\t\t1953<\/p>\n<\/td>\n<td colspan=\"2\" valign=\"top\" width=\"331\">\n<p> \t\t\t\t\tCreaci\u00f3n de la tenencia pol\u00edtica, primer teniente pol\u00edtico Miguel Murillo Saldarriaga<\/p>\n<\/td>\n<td valign=\"top\" width=\"180\">\n<p> \t\t\t\t\tMiguel Murillo Saldarriaga<\/p>\n<\/td>\n<\/tr>\n<tr>\n<td valign=\"top\" width=\"121\">\n<p> \t\t\t\t\t1953<\/p>\n<\/td>\n<td colspan=\"2\" valign=\"top\" width=\"331\">\n<p> \t\t\t\t\tCreaci\u00f3n del Registro Civil<\/p>\n<\/td>\n<td valign=\"top\" width=\"180\">\n<p> \t\t\t\t\tMiguel Murillo Saldarriaga<\/p>\n<\/td>\n<\/tr>\n<tr>\n<td valign=\"top\" width=\"121\">\n<p> \t\t\t\t\t1969<\/p>\n<\/td>\n<td colspan=\"2\" valign=\"top\" width=\"331\">\n<p> \t\t\t\t\tCreaci\u00f3n del Club 21 de Octubre<\/p>\n<\/td>\n<td valign=\"top\" width=\"180\">\n<p> \t\t\t\t\tHugo Mendoza Molina<\/p>\n<\/td>\n<\/tr>\n<tr>\n<td valign=\"top\" width=\"121\">\n<p> \t\t\t\t\t1977- 1980<\/p>\n<\/td>\n<td colspan=\"2\" valign=\"top\" width=\"331\">\n<p> \t\t\t\t\tCreaci\u00f3n del Colegio Particular Pueblo Nuevo y luego es cambiado a Colegio T\u00e9cnico Nacional categor\u00eda Fiscal<\/p>\n<\/td>\n<td valign=\"top\" width=\"180\">\n<p> \t\t\t\t\tSra. Asunci\u00f3n Navia Meza<\/p>\n<\/td>\n<\/tr>\n<tr>\n<td valign=\"top\" width=\"121\">\n<p> \t\t\t\t\t1982<\/p>\n<\/td>\n<td colspan=\"2\" valign=\"top\" width=\"331\">\n<p> \t\t\t\t\tCreaci\u00f3n del Sindicato de Choferes<\/p>\n<\/td>\n<td valign=\"top\" width=\"180\">\n<p> \t\t\t\t\tMilton Murillo Mac\u00edas<\/p>\n<\/td>\n<\/tr>\n<tr>\n<td valign=\"top\" width=\"121\">\n<p> \t\t\t\t\t1983<\/p>\n<\/td>\n<td colspan=\"2\" valign=\"top\" width=\"331\">\n<p> \t\t\t\t\tCreaci\u00f3n de la Junta de Agua<\/p>\n<\/td>\n<td valign=\"top\" width=\"180\">\n<p> \t\t\t\t\tPiedad Murillo Mac\u00edas<\/p>\n<\/td>\n<\/tr>\n<tr>\n<td valign=\"top\" width=\"121\">\n<p> \t\t\t\t\t1984<\/p>\n<\/td>\n<td colspan=\"2\" valign=\"top\" width=\"331\">\n<p> \t\t\t\t\tCreaci\u00f3n de la Compa\u00f1\u00eda de Bomberos<\/p>\n<\/td>\n<td valign=\"top\" width=\"180\">\n<p> \t\t\t\t\tMilton Murillo Mac\u00edas<\/p>\n<\/td>\n<\/tr>\n<tr>\n<td valign=\"top\" width=\"121\">\n<p> \t\t\t\t\t1986<\/p>\n<\/td>\n<td colspan=\"2\" valign=\"top\" width=\"331\">\n<p> \t\t\t\t\tCreaci\u00f3n del Club Social Cultural y Deportivo 1 de Enero<\/p>\n<\/td>\n<td valign=\"top\" width=\"180\">\n<p> \t\t\t\t\tSra. Piedad Murillo Mac\u00edas<\/p>\n<p> \t\t\t\t\tLuis Gabriel Tuarez Briones&nbsp; (Primer Presidente)<\/p>\n<\/td>\n<\/tr>\n<tr>\n<td valign=\"top\" width=\"121\">\n<p> \t\t\t\t\t1989<\/p>\n<\/td>\n<td colspan=\"2\" valign=\"top\" width=\"331\">\n<p> \t\t\t\t\tCreaci\u00f3n de la escuela Particular Caritas Alegres<\/p>\n<\/td>\n<td valign=\"top\" width=\"180\">\n<p> \t\t\t\t\tHumberto Murillo Zambrano<\/p>\n<\/td>\n<\/tr>\n<tr>\n<td valign=\"top\" width=\"121\">\n<p> \t\t\t\t\t1991<\/p>\n<\/td>\n<td colspan=\"2\" valign=\"top\" width=\"331\">\n<p> \t\t\t\t\tOrganizaci\u00f3n de Mujeres Maria Auxiliadora<\/p>\n<\/td>\n<td valign=\"top\" width=\"180\">\n<p> \t\t\t\t\tPiedad Intriago Intriago<\/p>\n<\/td>\n<\/tr>\n<tr>\n<td valign=\"top\" width=\"121\">\n<p> \t\t\t\t\t1994<\/p>\n<\/td>\n<td colspan=\"2\" valign=\"top\" width=\"331\">\n<p> \t\t\t\t\tFuncionamiento de la Guarder\u00eda CDI Carrusel<\/p>\n<\/td>\n<td valign=\"top\" width=\"180\">\n<p> \t\t\t\t\t&nbsp;<\/p>\n<\/td>\n<\/tr>\n<tr>\n<td valign=\"top\" width=\"121\">\n<p> \t\t\t\t\t1995<\/p>\n<\/td>\n<td colspan=\"2\" valign=\"top\" width=\"331\">\n<p> \t\t\t\t\tSe crea la escuela de Futbol<\/p>\n<\/td>\n<td valign=\"top\" width=\"180\">\n<p> \t\t\t\t\tBenito Barreiro<\/p>\n<\/td>\n<\/tr>\n<tr>\n<td valign=\"top\" width=\"121\">\n<p> \t\t\t\t\t1999<\/p>\n<\/td>\n<td colspan=\"2\" valign=\"top\" width=\"331\">\n<p> \t\t\t\t\tSe instalan los primeros n\u00fameros de telefon\u00eda fija<\/p>\n<\/td>\n<td valign=\"top\" width=\"180\">\n<p> \t\t\t\t\tIng. Luis Tuarez y Eco. Bosco Barberan<\/p>\n<\/td>\n<\/tr>\n<tr>\n<td valign=\"top\" width=\"121\">\n<p> \t\t\t\t\t1999<\/p>\n<\/td>\n<td colspan=\"2\" valign=\"top\" width=\"331\">\n<p> \t\t\t\t\tConformaci\u00f3n del Club de Damas 3 de Octubre<\/p>\n<\/td>\n<td valign=\"top\" width=\"180\">\n<p> \t\t\t\t\tPiedad Intriago Intriago<\/p>\n<\/td>\n<\/tr>\n<tr>\n<td valign=\"top\" width=\"121\">\n<p> \t\t\t\t\t2000<\/p>\n<\/td>\n<td colspan=\"2\" valign=\"top\" width=\"331\">\n<p> \t\t\t\t\tcreaci\u00f3n de la Brigada Barrial Pueblo Nuevo \u2013 UPC \u2013Construyo el Consejo Provincial- Primer Director- Luis Gabriel Tuarez Briones<\/p>\n<\/td>\n<td valign=\"top\" width=\"180\">\n<p> \t\t\t\t\t&nbsp;<\/p>\n<\/td>\n<\/tr>\n<tr>\n<td valign=\"top\" width=\"121\">\n<p> \t\t\t\t\t2002<\/p>\n<\/td>\n<td colspan=\"2\" valign=\"top\" width=\"331\">\n<p> \t\t\t\t\tCreaci\u00f3n de la escuela Ambato- Luis Augusto Mendoza Moreira<\/p>\n<\/td>\n<td valign=\"top\" width=\"180\">\n<p> \t\t\t\t\t&nbsp;<\/p>\n<\/td>\n<\/tr>\n<tr>\n<td valign=\"top\" width=\"121\">\n<p> \t\t\t\t\t2006<\/p>\n<\/td>\n<td colspan=\"2\" valign=\"top\" width=\"331\">\n<p> \t\t\t\t\tPresentaci\u00f3n del Escudo y Bandera&nbsp; ante el municipio para obtener la ordenanza municipal<\/p>\n<\/td>\n<td valign=\"top\" width=\"180\">\n<p> \t\t\t\t\tGobierno Parroquial<\/p>\n<\/td>\n<\/tr>\n<tr>\n<td valign=\"top\" width=\"121\">\n<p> \t\t\t\t\t&nbsp;<\/p>\n<\/td>\n<td colspan=\"2\" valign=\"top\" width=\"331\">\n<p> \t\t\t\t\tCreaci\u00f3n de la Biblioteca<\/p>\n<\/td>\n<td valign=\"top\" width=\"180\">\n<p> \t\t\t\t\t&nbsp;<\/p>\n<\/td>\n<\/tr>\n<tr>\n<td valign=\"top\" width=\"121\">\n<p> \t\t\t\t\t&nbsp;<\/p>\n<\/td>\n<td colspan=\"2\" valign=\"top\" width=\"331\">\n<p> \t\t\t\t\tFuncionamiento del Mercado&nbsp; Parroquial<\/p>\n<\/td>\n<td valign=\"top\" width=\"180\">\n<p> \t\t\t\t\t&nbsp;<\/p>\n<\/td>\n<\/tr>\n<tr>\n<td valign=\"top\" width=\"121\">\n<p> \t\t\t\t\t&nbsp;<\/p>\n<\/td>\n<td colspan=\"2\" valign=\"top\" width=\"331\">\n<p> \t\t\t\t\tFuncionamiento del UPC Pueblo Nuevo<\/p>\n<\/td>\n<td valign=\"top\" width=\"180\">\n<p> \t\t\t\t\t&nbsp;<\/p>\n<\/td>\n<\/tr>\n<tr>\n<td valign=\"top\" width=\"121\">\n<p> \t\t\t\t\t&nbsp;<\/p>\n<\/td>\n<td colspan=\"2\" valign=\"top\" width=\"331\">\n<p> \t\t\t\t\tCIBV antes Guarder\u00eda Infantil construyo el Consejo Provincial \u2013 Gesti\u00f3n&nbsp; Sr. Hilario Murillo Navia<\/p>\n<\/td>\n<td valign=\"top\" width=\"180\">\n<p align=\"center\"> \t\t\t\t\t&nbsp;<\/p>\n<\/td>\n<\/tr>\n<tr height=\"0\">\n<td width=\"104\"> \t\t\t\t&nbsp;<\/td>\n<td width=\"20\"> \t\t\t\t&nbsp;<\/td>\n<td width=\"253\"> \t\t\t\t&nbsp;<\/td>\n<td width=\"163\"> \t\t\t\t&nbsp;<\/td>\n<\/tr>\n<\/tbody>\n<\/table>\n<p> \t&nbsp;<\/p>\n<p> \t&nbsp;<\/p>\n","protected":false},"excerpt":{"rendered":"<p>RESE\u00d1A HISTORICA. Haciendo las correspondientes investigaciones y guiados en los escritos antiguos exigentes hemos podido conocer parte del origen de la actual parroquia Pueblo Nuevo. Pueblo Nuevo en 1922 era un recinto perteneciente a la Parroquia Riochico, el cual estaba dispersamente poblado, sus habitantes se dedicaban especial mente al cultivo de caf\u00e9 y de la [&hellip;]<\/p>\n","protected":false},"author":1,"featured_media":105,"comment_status":"closed","ping_status":"closed","sticky":false,"template":"","format":"standard","meta":{"footnotes":""},"categories":[1],"tags":[],"yst_prominent_words":[],"class_list":["post-106","post","type-post","status-publish","format-standard","has-post-thumbnail","hentry","category-sin-categoria"],"_links":{"self":[{"href":"https:\/\/gadpueblonuevo.gob.ec\/manabi\/wp-json\/wp\/v2\/posts\/106","targetHints":{"allow":["GET"]}}],"collection":[{"href":"https:\/\/gadpueblonuevo.gob.ec\/manabi\/wp-json\/wp\/v2\/posts"}],"about":[{"href":"https:\/\/gadpueblonuevo.gob.ec\/manabi\/wp-json\/wp\/v2\/types\/post"}],"author":[{"embeddable":true,"href":"https:\/\/gadpueblonuevo.gob.ec\/manabi\/wp-json\/wp\/v2\/users\/1"}],"replies":[{"embeddable":true,"href":"https:\/\/gadpueblonuevo.gob.ec\/manabi\/wp-json\/wp\/v2\/comments?post=106"}],"version-history":[{"count":0,"href":"https:\/\/gadpueblonuevo.gob.ec\/manabi\/wp-json\/wp\/v2\/posts\/106\/revisions"}],"wp:featuredmedia":[{"embeddable":true,"href":"https:\/\/gadpueblonuevo.gob.ec\/manabi\/wp-json\/wp\/v2\/media\/105"}],"wp:attachment":[{"href":"https:\/\/gadpueblonuevo.gob.ec\/manabi\/wp-json\/wp\/v2\/media?parent=106"}],"wp:term":[{"taxonomy":"category","embeddable":true,"href":"https:\/\/gadpueblonuevo.gob.ec\/manabi\/wp-json\/wp\/v2\/categories?post=106"},{"taxonomy":"post_tag","embeddable":true,"href":"https:\/\/gadpueblonuevo.gob.ec\/manabi\/wp-json\/wp\/v2\/tags?post=106"},{"taxonomy":"yst_prominent_words","embeddable":true,"href":"https:\/\/gadpueblonuevo.gob.ec\/manabi\/wp-json\/wp\/v2\/yst_prominent_words?post=106"}],"curies":[{"name":"wp","href":"https:\/\/api.w.org\/{rel}","templated":true}]}}